{"id":1660,"date":"2022-07-03T11:26:45","date_gmt":"2022-07-03T14:26:45","guid":{"rendered":"https:\/\/otomodospais.com.br\/blog\/?p=1660"},"modified":"2024-02-02T01:53:24","modified_gmt":"2024-02-02T04:53:24","slug":"colegio-santo-inacio-rj-review","status":"publish","type":"post","link":"https:\/\/otomodospais.com.br\/blog\/colegio-santo-inacio-rj-review\/","title":{"rendered":"Col\u00e9gio Santo In\u00e1cio do RJ &#8211; Review completo"},"content":{"rendered":"\n<p>O Col\u00e9gio Santo In\u00e1cio tem uma hist\u00f3ria centen\u00e1ria de excel\u00eancia no Rio de Janeiro. J\u00e1 formou diversas gera\u00e7\u00f5es de alunos, incluindo famosos como Pedro Bial e Paulo Coelho. Hoje se destaca pelo sucesso em provas como Enem e vestibulares.&nbsp;<\/p>\n\n\n\n<p><strong>A escola j\u00e1 esteve no top 10 de melhores do Brasil no Enem<\/strong>. Frequentemente est\u00e1 entre as melhores do Rio de Janeiro no exame.<\/p>\n\n\n\n<p>Al\u00e9m do \u00eaxito nessas avalia\u00e7\u00f5es, o Col\u00e9gio Santo In\u00e1cio de Botafogo tamb\u00e9m se destaca pela infraestrutura e por a\u00e7\u00f5es sociais com participa\u00e7\u00e3o dos alunos.<\/p>\n\n\n\n<p>Mas apesar de v\u00e1rios pontos positivos, tamb\u00e9m passou por problemas s\u00e9rios recentemente, incluindo uma acusa\u00e7\u00e3o na Justi\u00e7a por <strong>omiss\u00e3o em casos de ass\u00e9dio contra estudantes<\/strong>.&nbsp;<\/p>\n\n\n\n<p>Leia o post at\u00e9 o final (ou use o \u00edndice abaixo) para ter uma vis\u00e3o completa sobre os pr\u00f3s e contras do col\u00e9gio. <\/p>\n\n\n\n<p>Neste texto, voc\u00ea conhecer\u00e1 mais detalhes sobre as acusa\u00e7\u00f5es e quest\u00f5es ideol\u00f3gicas do col\u00e9gio, projeto pedag\u00f3gico, uso de uniformes, mensalidade, e tudo mais.<\/p>\n\n\n\n<p>Boa leitura!&nbsp;<\/p>\n\n\n\n<div id=\"ez-toc-container\" class=\"ez-toc-v2_0_76 counter-hierarchy ez-toc-counter ez-toc-custom ez-toc-container-direction\">\n<div class=\"ez-toc-title-container\"><p class=\"ez-toc-title\" style=\"cursor:inherit\">\u00cdndice do post<\/p>\n<\/div><nav><ul class='ez-toc-list ez-toc-list-level-1 ' ><li class='ez-toc-page-1 ez-toc-heading-level-2'><a class=\"ez-toc-link ez-toc-heading-1\" href=\"https:\/\/otomodospais.com.br\/blog\/colegio-santo-inacio-rj-review\/#visao-geral-do-colegio-santo-inacio-no-rj\">Vis\u00e3o Geral do Col\u00e9gio Santo In\u00e1cio no RJ<\/a><ul class='ez-toc-list-level-3' ><li class='ez-toc-heading-level-3'><a class=\"ez-toc-link ez-toc-heading-2\" href=\"https:\/\/otomodospais.com.br\/blog\/colegio-santo-inacio-rj-review\/#onde-fica-o-colegio-santo-inacio\">Onde fica o Col\u00e9gio Santo In\u00e1cio<\/a><\/li><\/ul><\/li><li class='ez-toc-page-1 ez-toc-heading-level-2'><a class=\"ez-toc-link ez-toc-heading-3\" href=\"https:\/\/otomodospais.com.br\/blog\/colegio-santo-inacio-rj-review\/#diferenciais-do-colegio-santo-inacio-de-botafogo\">Diferenciais do Col\u00e9gio Santo In\u00e1cio de Botafogo<\/a><ul class='ez-toc-list-level-3' ><li class='ez-toc-heading-level-3'><a class=\"ez-toc-link ez-toc-heading-4\" href=\"https:\/\/otomodospais.com.br\/blog\/colegio-santo-inacio-rj-review\/#projeto-pedagogico\">Projeto pedag\u00f3gico<\/a><ul class='ez-toc-list-level-4' ><li class='ez-toc-heading-level-4'><a class=\"ez-toc-link ez-toc-heading-5\" href=\"https:\/\/otomodospais.com.br\/blog\/colegio-santo-inacio-rj-review\/#ensino-fundamental-1\">Ensino Fundamental 1<\/a><\/li><li class='ez-toc-page-1 ez-toc-heading-level-4'><a class=\"ez-toc-link ez-toc-heading-6\" href=\"https:\/\/otomodospais.com.br\/blog\/colegio-santo-inacio-rj-review\/#ensino-fundamental-2\">Ensino Fundamental 2<\/a><\/li><li class='ez-toc-page-1 ez-toc-heading-level-4'><a class=\"ez-toc-link ez-toc-heading-7\" href=\"https:\/\/otomodospais.com.br\/blog\/colegio-santo-inacio-rj-review\/#ensino-medio\">Ensino M\u00e9dio<\/a><\/li><\/ul><\/li><li class='ez-toc-page-1 ez-toc-heading-level-3'><a class=\"ez-toc-link ez-toc-heading-8\" href=\"https:\/\/otomodospais.com.br\/blog\/colegio-santo-inacio-rj-review\/#projetos-complementares\">Projetos complementares<\/a><\/li><li class='ez-toc-page-1 ez-toc-heading-level-3'><a class=\"ez-toc-link ez-toc-heading-9\" href=\"https:\/\/otomodospais.com.br\/blog\/colegio-santo-inacio-rj-review\/#estrutura-do-colegio\">Estrutura do col\u00e9gio<\/a><\/li><\/ul><\/li><li class='ez-toc-page-1 ez-toc-heading-level-2'><a class=\"ez-toc-link ez-toc-heading-10\" href=\"https:\/\/otomodospais.com.br\/blog\/colegio-santo-inacio-rj-review\/#contrapartida-social\">Contrapartida social<\/a><ul class='ez-toc-list-level-4' ><li class='ez-toc-heading-level-4'><ul class='ez-toc-list-level-4' ><li class='ez-toc-heading-level-4'><a class=\"ez-toc-link ez-toc-heading-11\" href=\"https:\/\/otomodospais.com.br\/blog\/colegio-santo-inacio-rj-review\/#cursos-gratuitos-do-colegio-santo-inacio-botafogo\">Cursos gratuitos do Col\u00e9gio Santo In\u00e1cio Botafogo<\/a><\/li><\/ul><\/li><\/ul><\/li><li class='ez-toc-page-1 ez-toc-heading-level-2'><a class=\"ez-toc-link ez-toc-heading-12\" href=\"https:\/\/otomodospais.com.br\/blog\/colegio-santo-inacio-rj-review\/#historia-do-colegio-santo-inacio-de-botafogo\">Hist\u00f3ria do Col\u00e9gio Santo In\u00e1cio de Botafogo<\/a><ul class='ez-toc-list-level-4' ><li class='ez-toc-heading-level-4'><ul class='ez-toc-list-level-4' ><li class='ez-toc-heading-level-4'><a class=\"ez-toc-link ez-toc-heading-13\" href=\"https:\/\/otomodospais.com.br\/blog\/colegio-santo-inacio-rj-review\/#famosos-que-estudaram-no-colegio-santo-inacio-rj\">Famosos que estudaram no Col\u00e9gio Santo In\u00e1cio RJ<\/a><\/li><\/ul><\/li><\/ul><\/li><li class='ez-toc-page-1 ez-toc-heading-level-2'><a class=\"ez-toc-link ez-toc-heading-14\" href=\"https:\/\/otomodospais.com.br\/blog\/colegio-santo-inacio-rj-review\/#como-e-a-inscricao-no-colegio-santo-antonio-rj\">Como \u00e9 a inscri\u00e7\u00e3o no Col\u00e9gio Santo Ant\u00f4nio RJ<\/a><ul class='ez-toc-list-level-3' ><li class='ez-toc-heading-level-3'><a class=\"ez-toc-link ez-toc-heading-15\" href=\"https:\/\/otomodospais.com.br\/blog\/colegio-santo-inacio-rj-review\/#para-alunos-do-1o-ano-do-ensino-fundamental\">Para alunos do 1\u00ba ano do Ensino Fundamental<\/a><\/li><li class='ez-toc-page-1 ez-toc-heading-level-3'><a class=\"ez-toc-link ez-toc-heading-16\" href=\"https:\/\/otomodospais.com.br\/blog\/colegio-santo-inacio-rj-review\/#para-alunos-a-partir-do-2o-ano-do-ensino-fundamental\">Para alunos a partir do 2\u00ba ano do Ensino Fundamental<\/a><\/li><\/ul><\/li><li class='ez-toc-page-1 ez-toc-heading-level-2'><a class=\"ez-toc-link ez-toc-heading-17\" href=\"https:\/\/otomodospais.com.br\/blog\/colegio-santo-inacio-rj-review\/#como-e-estudar-no-colegio-santo-inacio-no-rio-de-janeiro\">Como \u00e9 estudar no Col\u00e9gio Santo In\u00e1cio no Rio de Janeiro<\/a><ul class='ez-toc-list-level-3' ><li class='ez-toc-heading-level-3'><a class=\"ez-toc-link ez-toc-heading-18\" href=\"https:\/\/otomodospais.com.br\/blog\/colegio-santo-inacio-rj-review\/#como-e-a-disciplina-no-colegio\">Como \u00e9 a disciplina no col\u00e9gio<\/a><\/li><li class='ez-toc-page-1 ez-toc-heading-level-3'><a class=\"ez-toc-link ez-toc-heading-19\" href=\"https:\/\/otomodospais.com.br\/blog\/colegio-santo-inacio-rj-review\/#questoes-ideologicas-e-de-genero\">Quest\u00f5es ideol\u00f3gicas e de g\u00eanero<\/a><\/li><\/ul><\/li><\/ul><\/nav><\/div>\n\n\n\n\n<h2 class=\"wp-block-heading\"><span class=\"ez-toc-section\" id=\"visao-geral-do-colegio-santo-inacio-no-rj\"><\/span>Vis\u00e3o Geral do Col\u00e9gio Santo In\u00e1cio no RJ<span class=\"ez-toc-section-end\"><\/span><\/h2>\n\n\n\n<p>Estas s\u00e3o as principais informa\u00e7\u00f5es para os pais que pensam em matricular os filhos no Col\u00e9gio Santo In\u00e1cio do RJ.&nbsp;<\/p>\n\n\n\n<p>Um diferencial bacana do col\u00e9gio \u00e9 que ele se divide em turno diurno e noturno.<\/p>\n\n\n\n<p>Durante o dia tem aulas de ensino fundamental e m\u00e9dio. \u00c0 noite oferece cursos gratuitos para jovens e adultos.<\/p>\n\n\n\n<p><strong>No quadro abaixo, as informa\u00e7\u00f5es s\u00e3o exclusivamente sobre o ensino diurno. <\/strong>No decorrer do texto, darei mais detalhes sobre a educa\u00e7\u00e3o para adultos no Santo In\u00e1cio.<\/p>\n\n\n\n<figure class=\"wp-block-table\"><table><tbody><tr><td><strong>S\u00e9ries<\/strong><\/td><td>Ensino fundamental, ensino m\u00e9dio, Educa\u00e7\u00e3o de Jovens e Adultos e cursos t\u00e9cnicos.<\/td><\/tr><tr><td><strong>Posi\u00e7\u00e3o no Enem<\/strong><\/td><td>8\u00aa melhor escola do Rio de Janeiro (2018); <a href=\"https:\/\/www.zbs.com.br\/enem\" target=\"_blank\" rel=\"noreferrer noopener nofollow\">17\u00aa melhor escola do Rio de Janeiro (2019)<\/a>.<\/td><\/tr><tr><td><strong>Modelo de escola<\/strong><\/td><td>Particular, de educa\u00e7\u00e3o tradicional em meio per\u00edodo, pautada em valores jesu\u00edtas.<\/td><\/tr><tr><td><strong>Estilo de ensino<\/strong><\/td><td>Tradicional, focado em valores religiosos e autonomia dos alunos.<\/td><\/tr><tr><td><strong>Valor da mensalidade<\/strong><\/td><td>Entre R$ 2.830 (Ensino Fundamental) e R$ 3.930 (Ensino M\u00e9dio) em 2020, <a href=\"https:\/\/forbes.com.br\/forbes-money\/2021\/11\/quanto-custa-estudar-em-31-das-escolas-mais-caras-do-brasil-em-2022\/#foto12\" target=\"_blank\" rel=\"noreferrer noopener nofollow\">segundo a revista Forbes<\/a>.<\/td><\/tr><tr><td><strong>Instala\u00e7\u00f5es<\/strong><\/td><td>Bibliotecas, laborat\u00f3rio de ci\u00eancias, biologia, qu\u00edmica, f\u00edsica, rob\u00f3tica, inform\u00e1tica, audit\u00f3rios, teatro, quadras poliesportivas, piscina, gin\u00e1sio, enfermagem, parque, lanchonetes e igreja.<\/td><\/tr><tr><td><strong>Diferenciais<\/strong><\/td><td>Longo hist\u00f3rico de excel\u00eancia acad\u00eamica, infraestrutura completa, projeto pedag\u00f3gico focado em forma\u00e7\u00e3o socioeducacional, variedade de atividades complementares, e contrapartida social.<\/td><\/tr><tr><td><strong>Ensino de idiomas<\/strong><\/td><td>Oferece aulas de ingl\u00eas e espanhol.<\/td><\/tr><tr><td><strong>Atividades extracurriculares<\/strong><\/td><td>Aulas de basquete, capoeira, futebol, futsal, handebol, jud\u00f4, nata\u00e7\u00e3o, voleibol, dan\u00e7a, rob\u00f3tica educativa, aulas de flauta, canto, teclado e viol\u00e3o.<\/td><\/tr><tr><td><strong>Bolsa de estudos<\/strong><\/td><td>Tem o Programa de Inclus\u00e3o Educacional e Acad\u00eamica &#8211; PIEA para bolsa de estudos e benef\u00edcios para educa\u00e7\u00e3o b\u00e1sica e profissional.<\/td><\/tr><tr><td><strong>Uniformes<\/strong><\/td><td>Cada pai ou m\u00e3e compra para os seus filhos. <a href=\"https:\/\/www.santoinacio-rio.com.br\/storage\/informacoes_gerais\/pdf\/Uniformes.pdf\" target=\"_blank\" rel=\"noreferrer noopener nofollow\">Veja os detalhes de todas as pe\u00e7as neste documento<\/a>.&nbsp;<\/td><\/tr><tr><td><strong>Contato<\/strong><\/td><td>Telefone: (21) 3184-6200<br>Site: <a href=\"https:\/\/www.santoinacio-rio.com.br\/\" target=\"_blank\" rel=\"noreferrer noopener nofollow\">https:\/\/www.santoinacio-rio.com.br<\/a><\/td><\/tr><\/tbody><\/table><\/figure>\n\n\n<figure class=\"wp-block-embed-youtube wp-block-embed is-type-video is-provider-youtube wp-embed-aspect-16-9 wp-has-aspect-ratio\"><div class=\"lyte-wrapper\" style=\"width:640px;max-width:100%;margin:5px auto;\"><div class=\"lyMe\" id=\"WYL_UE2XF2XiSp8\"><div id=\"lyte_UE2XF2XiSp8\" data-src=\"\/\/i.ytimg.com\/vi\/UE2XF2XiSp8\/hqdefault.jpg\" class=\"pL\"><div class=\"tC\"><div class=\"tT\"><\/div><\/div><div class=\"play\"><\/div><div class=\"ctrl\"><div class=\"Lctrl\"><\/div><div class=\"Rctrl\"><\/div><\/div><\/div><noscript><a href=\"https:\/\/youtu.be\/UE2XF2XiSp8\" rel=\"nofollow noopener\" target=\"_blank\"><img decoding=\"async\" src=\"https:\/\/i.ytimg.com\/vi\/UE2XF2XiSp8\/0.jpg\" alt=\"YouTube video thumbnail\" width=\"640\" height=\"340\" \/><br \/>Assista a este v\u00eddeo no YouTube<\/a><\/noscript><\/div><\/div><div class=\"lL\" style=\"max-width:100%;width:640px;margin:5px auto;\"><\/div><figcaption><\/figcaption><\/figure>\n\n\n<h3 class=\"wp-block-heading\"><span class=\"ez-toc-section\" id=\"onde-fica-o-colegio-santo-inacio\"><\/span>Onde fica o Col\u00e9gio Santo In\u00e1cio<span class=\"ez-toc-section-end\"><\/span><\/h3>\n\n\n\n<p><strong>O Santo In\u00e1cio fica na Rua S\u00e3o Clemente, 226, em Botafogo, no Rio de Janeiro. <\/strong>Est\u00e1 pr\u00f3ximo de supermercados, shopping e hospital.<\/p>\n\n\n\n<p><a href=\"https:\/\/www.google.com\/maps\/place\/Col%C3%A9gio+Santo+In%C3%A1cio-Rede+Jesu%C3%ADta+de+Educa%C3%A7%C3%A3o\/@-22.9488219,-43.1925753,17z\/data=!3m1!4b1!4m5!3m4!1s0x997fe8cb0c293f:0xaafb9d6b39f61648!8m2!3d-22.9488269!4d-43.1903866\" target=\"_blank\" rel=\"noreferrer noopener nofollow\">Veja no mapa<\/a>, nele voc\u00ea pode ver fotos internas da escola, fazer um tour pela rua do col\u00e9gio e ler coment\u00e1rios de pais e alunos.<\/p>\n\n\n\n<h2 class=\"wp-block-heading\"><span class=\"ez-toc-section\" id=\"diferenciais-do-colegio-santo-inacio-de-botafogo\"><\/span>Diferenciais do Col\u00e9gio Santo In\u00e1cio de Botafogo<span class=\"ez-toc-section-end\"><\/span><\/h2>\n\n\n\n<p>O col\u00e9gio tem alguns diferenciais em rela\u00e7\u00e3o a outras <a href=\"https:\/\/otomodospais.com.br\/blog\/topico\/colegios-do-rio-de-janeiro\/\" target=\"_blank\" rel=\"noreferrer noopener\">escolas do Rio de Janeiro<\/a> \u2013 at\u00e9 por isso foi a primeira escolha de muitos membros da elite do Rio de Janeiro durante muitas d\u00e9cadas.<\/p>\n\n\n\n<p>Atualmente os principais pontos fortes do Santo In\u00e1cio do RJ s\u00e3o:<\/p>\n\n\n\n<ol class=\"wp-block-list\">\n<li><strong>Projeto pedag\u00f3gico: <\/strong>divide-se entre educa\u00e7\u00e3o tradicional e forma\u00e7\u00e3o socioambiental.<\/li>\n\n\n\n<li><strong>Projetos complementares: <\/strong>variedade de atividades relacionadas a arte, cultura, e esportes.<\/li>\n\n\n\n<li><strong>Estrutura: <\/strong>diversas salas, laborat\u00f3rios, e \u00e1reas para conviv\u00eancia.<\/li>\n\n\n\n<li><strong>Contrapartida social: <\/strong>oferece cursos t\u00e9cnicos gratuitos para inserir jovens e adultos no mercado de trabalho, faz atividades com crian\u00e7as da comunidade Santa Marta e tem projetos volunt\u00e1rios frequentes.<\/li>\n\n\n\n<li><strong>Hist\u00f3ria: <\/strong>o col\u00e9gio tem 119 anos de hist\u00f3ria, por isso \u00e9 um dos mais tradicionais do estado.<\/li>\n<\/ol>\n\n\n\n<figure class=\"wp-block-image size-full\"><img decoding=\"async\" width=\"1280\" height=\"960\" src=\"https:\/\/eyc7xs8f99a.exactdn.com\/blog\/wp-content\/uploads\/patio-interno-do-colegio.jpg?strip=all&lossy=1&ssl=1\" alt=\"pr\u00e9dio principal do  interno do col\u00e9gio santo in\u00e1cio, com arquitetura tradicional em cor branca\" class=\"wp-image-1679\" srcset=\"https:\/\/eyc7xs8f99a.exactdn.com\/blog\/wp-content\/uploads\/patio-interno-do-colegio.jpg?strip=all&amp;lossy=1&amp;ssl=1 1280w, https:\/\/eyc7xs8f99a.exactdn.com\/blog\/wp-content\/uploads\/patio-interno-do-colegio-800x600.jpg?strip=all&amp;lossy=1&amp;ssl=1 800w, https:\/\/eyc7xs8f99a.exactdn.com\/blog\/wp-content\/uploads\/patio-interno-do-colegio-768x576.jpg?strip=all&amp;lossy=1&amp;ssl=1 768w, https:\/\/eyc7xs8f99a.exactdn.com\/blog\/wp-content\/uploads\/patio-interno-do-colegio.jpg?strip=all&amp;lossy=1&amp;w=256&amp;ssl=1 256w, https:\/\/eyc7xs8f99a.exactdn.com\/blog\/wp-content\/uploads\/patio-interno-do-colegio.jpg?strip=all&amp;lossy=1&amp;w=512&amp;ssl=1 512w, https:\/\/eyc7xs8f99a.exactdn.com\/blog\/wp-content\/uploads\/patio-interno-do-colegio.jpg?strip=all&amp;lossy=1&amp;w=1024&amp;ssl=1 1024w\" sizes=\"(max-width: 1250px) 100vw, 1250px\" \/><\/figure>\n\n\n\n<h3 class=\"wp-block-heading\"><span class=\"ez-toc-section\" id=\"projeto-pedagogico\"><\/span>Projeto pedag\u00f3gico<span class=\"ez-toc-section-end\"><\/span><\/h3>\n\n\n\n<p>O projeto pedag\u00f3gico do Col\u00e9gio Santo In\u00e1cio do Rio de Janeiro se resume em <strong>educa\u00e7\u00e3o integral com base em valores crist\u00e3os. <\/strong>Isso quer dizer que o col\u00e9gio trabalha disciplinas tradicionais e uma s\u00e9rie de valores sociais, como sustentabilidade, e respeito ao pr\u00f3ximo.<\/p>\n\n\n\n<p>O col\u00e9gio tem uma igreja e realiza cerim\u00f4nias para alunos cat\u00f3licos, mas a participa\u00e7\u00e3o n\u00e3o \u00e9 obrigat\u00f3ria.<\/p>\n\n\n\n<p>Os pilares do projeto pedag\u00f3gico s\u00e3o:<\/p>\n\n\n\n<ul class=\"wp-block-list\">\n<li><strong>Amor e servi\u00e7o:<\/strong> ter compaix\u00e3o com o pr\u00f3ximo e se colocar \u00e0 disposi\u00e7\u00e3o dos necessitados.<\/li>\n\n\n\n<li><strong>Justi\u00e7a socioambiental: <\/strong>ensina os alunos a cuidar de todos os ambientes que frequentam.<\/li>\n\n\n\n<li><strong>Discernimento: <\/strong>senso cr\u00edtico em prol de uma sociedade mais justa.<\/li>\n\n\n\n<li><strong>Cuidado com a pessoa: <\/strong>ter uma postura acolhedora e respeitosa com todos.&nbsp;<\/li>\n\n\n\n<li><strong>Forma\u00e7\u00e3o integral: <\/strong>desenvolvimento cognitivo, socioemocional, e espiritual.<\/li>\n\n\n\n<li><strong>Colabora\u00e7\u00e3o e sustentabilidade: <\/strong>trabalho colaborativo em prol de um mundo melhor.&nbsp;<\/li>\n\n\n\n<li><strong>Criatividade e inova\u00e7\u00e3o: <\/strong>criatividade para solucionar os desafios.&nbsp;<\/li>\n<\/ul>\n\n\n\n<p>Cada n\u00edvel de ensino trabalha esses sete pilares de maneiras espec\u00edficas.<\/p>\n\n\n\n<h4 class=\"wp-block-heading\"><span class=\"ez-toc-section\" id=\"ensino-fundamental-1\"><\/span>Ensino Fundamental 1<span class=\"ez-toc-section-end\"><\/span><\/h4>\n\n\n\n<p><strong>Para os alunos do 1\u00ba ano do Ensino Fundamental,<\/strong> <strong>as aulas t\u00eam atividades l\u00fadicas que desenvolvem autonomia.<\/strong><\/p>\n\n\n\n<p>O objetivo \u00e9 alfabetizar, ensinar os alunos a expressar suas dificuldades, e habitu\u00e1-los com o ambiente do col\u00e9gio.<\/p>\n\n\n\n<p><strong>Do 2\u00ba ao 5\u00ba ano as atividades estimulam o senso cr\u00edtico<\/strong>. Isto \u00e9 feito com diferentes metodologias que desenvolvem habilidades cognitivas, sociais e afetivas de forma conjunta.<\/p>\n\n\n\n<p>Nesta fase as crian\u00e7as tamb\u00e9m come\u00e7am a ter contato com projetos de tecnologia, como aulas de rob\u00f3tica educacional.&nbsp;<\/p>\n\n\n\n<figure class=\"wp-block-image size-full\"><img decoding=\"async\" width=\"1140\" height=\"443\" src=\"https:\/\/eyc7xs8f99a.exactdn.com\/blog\/wp-content\/uploads\/BibliotecaFundamental_1.jpg?strip=all&lossy=1&ssl=1\" alt=\"crian\u00e7as sentadas em grupo em mesas na biblioteca do col\u00e9gio\" class=\"wp-image-1665\" srcset=\"https:\/\/eyc7xs8f99a.exactdn.com\/blog\/wp-content\/uploads\/BibliotecaFundamental_1.jpg?strip=all&amp;lossy=1&amp;ssl=1 1140w, https:\/\/eyc7xs8f99a.exactdn.com\/blog\/wp-content\/uploads\/BibliotecaFundamental_1-900x350.jpg?strip=all&amp;lossy=1&amp;ssl=1 900w, https:\/\/eyc7xs8f99a.exactdn.com\/blog\/wp-content\/uploads\/BibliotecaFundamental_1-768x298.jpg?strip=all&amp;lossy=1&amp;ssl=1 768w, https:\/\/eyc7xs8f99a.exactdn.com\/blog\/wp-content\/uploads\/BibliotecaFundamental_1.jpg?strip=all&amp;lossy=1&amp;w=228&amp;ssl=1 228w, https:\/\/eyc7xs8f99a.exactdn.com\/blog\/wp-content\/uploads\/BibliotecaFundamental_1.jpg?strip=all&amp;lossy=1&amp;w=456&amp;ssl=1 456w, https:\/\/eyc7xs8f99a.exactdn.com\/blog\/wp-content\/uploads\/BibliotecaFundamental_1.jpg?strip=all&amp;lossy=1&amp;w=684&amp;ssl=1 684w\" sizes=\"(max-width: 1140px) 100vw, 1140px\" \/><\/figure>\n\n\n\n<h4 class=\"wp-block-heading\"><span class=\"ez-toc-section\" id=\"ensino-fundamental-2\"><\/span>Ensino Fundamental 2<span class=\"ez-toc-section-end\"><\/span><\/h4>\n\n\n\n<p><strong>Do 6\u00ba ao 8\u00ba ano as crian\u00e7as s\u00e3o incentivadas a dialogar e a construir as aulas junto com os professores<\/strong>. O col\u00e9gio disponibiliza tamb\u00e9m um servi\u00e7o de orienta\u00e7\u00e3o educacional para apoi\u00e1-los em suas dificuldades.<\/p>\n\n\n\n<p><strong>O 9\u00ba ano \u00e9 a prepara\u00e7\u00e3o para o Ensino M\u00e9dio<\/strong>. Alunos aprendem rotinas de ensino e trabalham ainda mais o senso cr\u00edtico, com objetivo de \u201ctransformar conhecimento em a\u00e7\u00e3o\u201d, segundo a dire\u00e7\u00e3o do col\u00e9gio.&nbsp;<\/p>\n\n\n\n<h4 class=\"wp-block-heading\"><span class=\"ez-toc-section\" id=\"ensino-medio\"><\/span>Ensino M\u00e9dio<span class=\"ez-toc-section-end\"><\/span><\/h4>\n\n\n\n<p><strong>O Ensino M\u00e9dio tem como foco a forma\u00e7\u00e3o integral<\/strong>. Os focos s\u00e3o as disciplinas tradicionais para aprova\u00e7\u00e3o no Enem e em vestibulares, e o amadurecimento dos adolescentes como cidad\u00e3os.<\/p>\n\n\n\n<p>A dire\u00e7\u00e3o enfatiza que busca formar alunos para al\u00e9m da vida escolar e universit\u00e1ria. At\u00e9 por isso investe em uma s\u00e9rie de atividades complementares e m\u00e9todos de aprendizagem diferentes. <\/p>\n\n\n\n<h3 class=\"wp-block-heading\"><span class=\"ez-toc-section\" id=\"projetos-complementares\"><\/span>Projetos complementares<span class=\"ez-toc-section-end\"><\/span><\/h3>\n\n\n\n<p>Os projetos complementares do Col\u00e9gio Santo In\u00e1cio desenvolvem habilidades cognitivas e emocionais, alinhadas ao projeto pedag\u00f3gico da escola.  <\/p>\n\n\n\n<p>As atividades se organizam em:<\/p>\n\n\n\n<ul class=\"wp-block-list\">\n<li><strong>Esportes: <\/strong>trabalhados como atividade colaborativa e n\u00e3o competi\u00e7\u00e3o. <strong>Tem aulas de basquete, capoeira, futebol, futsal, handebol, jud\u00f4, nata\u00e7\u00e3o e v\u00f4lei.<\/strong><\/li>\n\n\n\n<li><strong>Arte e cultura: <\/strong>atividades organizadas em ensaios fechados, abertos e apresenta\u00e7\u00f5es para outros alunos. <strong>Tem aulas de dan\u00e7a, flauta, canto, teclado e viol\u00e3o<\/strong>.<\/li>\n\n\n\n<li><strong>Biblioteca: <\/strong>espa\u00e7o para estudo e colabora\u00e7\u00e3o de alunos. <strong>Palco de projetos de leitura, oficinas e exposi\u00e7\u00f5es.<\/strong><\/li>\n\n\n\n<li><strong>Tecnologia: <\/strong>o objetivo \u00e9 proporcionar educa\u00e7\u00e3o criativa e focada na solu\u00e7\u00e3o de problemas. <strong>Tem aulas de rob\u00f3tica educativa em laborat\u00f3rios especializados.<\/strong><\/li>\n\n\n\n<li><strong>ONU colegial: <\/strong>debates em que alunos do 9\u00ba ano representam diplomatas em discuss\u00f5es para aprofundar seus conhecimentos em orat\u00f3ria, geografia e hist\u00f3ria.&nbsp;<\/li>\n\n\n\n<li><strong>Idiomas: <\/strong>para expandir a vis\u00e3o de mundo e contato com outras culturas. Tem <strong>aulas obrigat\u00f3rias de ingl\u00eas e<\/strong> <strong>aulas opcionais de espanhol.<\/strong><\/li>\n<\/ul>\n\n\n\n<figure class=\"wp-block-gallery has-nested-images columns-default is-cropped wp-block-gallery-1 is-layout-flex wp-block-gallery-is-layout-flex\">\n<figure class=\"wp-block-image size-large\"><img decoding=\"async\" width=\"1140\" height=\"443\" data-id=\"1678\" src=\"https:\/\/eyc7xs8f99a.exactdn.com\/blog\/wp-content\/uploads\/Esportes.jpg?strip=all&lossy=1&ssl=1\" alt=\"\" class=\"wp-image-1678\" srcset=\"https:\/\/eyc7xs8f99a.exactdn.com\/blog\/wp-content\/uploads\/Esportes.jpg?strip=all&amp;lossy=1&amp;ssl=1 1140w, https:\/\/eyc7xs8f99a.exactdn.com\/blog\/wp-content\/uploads\/Esportes-900x350.jpg?strip=all&amp;lossy=1&amp;ssl=1 900w, https:\/\/eyc7xs8f99a.exactdn.com\/blog\/wp-content\/uploads\/Esportes-768x298.jpg?strip=all&amp;lossy=1&amp;ssl=1 768w, https:\/\/eyc7xs8f99a.exactdn.com\/blog\/wp-content\/uploads\/Esportes.jpg?strip=all&amp;lossy=1&amp;w=228&amp;ssl=1 228w, https:\/\/eyc7xs8f99a.exactdn.com\/blog\/wp-content\/uploads\/Esportes.jpg?strip=all&amp;lossy=1&amp;w=456&amp;ssl=1 456w, https:\/\/eyc7xs8f99a.exactdn.com\/blog\/wp-content\/uploads\/Esportes.jpg?strip=all&amp;lossy=1&amp;w=684&amp;ssl=1 684w\" sizes=\"(max-width: 1140px) 100vw, 1140px\" \/><\/figure>\n\n\n\n<figure class=\"wp-block-image size-large\"><img decoding=\"async\" width=\"1140\" height=\"443\" data-id=\"1677\" src=\"https:\/\/eyc7xs8f99a.exactdn.com\/blog\/wp-content\/uploads\/ArteCultura.jpg?strip=all&lossy=1&ssl=1\" alt=\"\" class=\"wp-image-1677\" srcset=\"https:\/\/eyc7xs8f99a.exactdn.com\/blog\/wp-content\/uploads\/ArteCultura.jpg?strip=all&amp;lossy=1&amp;ssl=1 1140w, https:\/\/eyc7xs8f99a.exactdn.com\/blog\/wp-content\/uploads\/ArteCultura-900x350.jpg?strip=all&amp;lossy=1&amp;ssl=1 900w, https:\/\/eyc7xs8f99a.exactdn.com\/blog\/wp-content\/uploads\/ArteCultura-768x298.jpg?strip=all&amp;lossy=1&amp;ssl=1 768w, https:\/\/eyc7xs8f99a.exactdn.com\/blog\/wp-content\/uploads\/ArteCultura.jpg?strip=all&amp;lossy=1&amp;w=228&amp;ssl=1 228w, https:\/\/eyc7xs8f99a.exactdn.com\/blog\/wp-content\/uploads\/ArteCultura.jpg?strip=all&amp;lossy=1&amp;w=456&amp;ssl=1 456w, https:\/\/eyc7xs8f99a.exactdn.com\/blog\/wp-content\/uploads\/ArteCultura.jpg?strip=all&amp;lossy=1&amp;w=684&amp;ssl=1 684w\" sizes=\"(max-width: 1140px) 100vw, 1140px\" \/><\/figure>\n\n\n\n<figure class=\"wp-block-image size-large\"><img decoding=\"async\" width=\"1140\" height=\"443\" data-id=\"1675\" src=\"https:\/\/eyc7xs8f99a.exactdn.com\/blog\/wp-content\/uploads\/Tecnologia.jpg?strip=all&lossy=1&ssl=1\" alt=\"\" class=\"wp-image-1675\" srcset=\"https:\/\/eyc7xs8f99a.exactdn.com\/blog\/wp-content\/uploads\/Tecnologia.jpg?strip=all&amp;lossy=1&amp;ssl=1 1140w, https:\/\/eyc7xs8f99a.exactdn.com\/blog\/wp-content\/uploads\/Tecnologia-900x350.jpg?strip=all&amp;lossy=1&amp;ssl=1 900w, https:\/\/eyc7xs8f99a.exactdn.com\/blog\/wp-content\/uploads\/Tecnologia-768x298.jpg?strip=all&amp;lossy=1&amp;ssl=1 768w, https:\/\/eyc7xs8f99a.exactdn.com\/blog\/wp-content\/uploads\/Tecnologia.jpg?strip=all&amp;lossy=1&amp;w=228&amp;ssl=1 228w, https:\/\/eyc7xs8f99a.exactdn.com\/blog\/wp-content\/uploads\/Tecnologia.jpg?strip=all&amp;lossy=1&amp;w=456&amp;ssl=1 456w, https:\/\/eyc7xs8f99a.exactdn.com\/blog\/wp-content\/uploads\/Tecnologia.jpg?strip=all&amp;lossy=1&amp;w=684&amp;ssl=1 684w\" sizes=\"(max-width: 1140px) 100vw, 1140px\" \/><\/figure>\n\n\n\n<figure class=\"wp-block-image size-large\"><img decoding=\"async\" width=\"1140\" height=\"443\" data-id=\"1674\" src=\"https:\/\/eyc7xs8f99a.exactdn.com\/blog\/wp-content\/uploads\/ONUColegial.jpg?strip=all&lossy=1&ssl=1\" alt=\"\" class=\"wp-image-1674\" srcset=\"https:\/\/eyc7xs8f99a.exactdn.com\/blog\/wp-content\/uploads\/ONUColegial.jpg?strip=all&amp;lossy=1&amp;ssl=1 1140w, https:\/\/eyc7xs8f99a.exactdn.com\/blog\/wp-content\/uploads\/ONUColegial-900x350.jpg?strip=all&amp;lossy=1&amp;ssl=1 900w, https:\/\/eyc7xs8f99a.exactdn.com\/blog\/wp-content\/uploads\/ONUColegial-768x298.jpg?strip=all&amp;lossy=1&amp;ssl=1 768w, https:\/\/eyc7xs8f99a.exactdn.com\/blog\/wp-content\/uploads\/ONUColegial.jpg?strip=all&amp;lossy=1&amp;w=228&amp;ssl=1 228w, https:\/\/eyc7xs8f99a.exactdn.com\/blog\/wp-content\/uploads\/ONUColegial.jpg?strip=all&amp;lossy=1&amp;w=456&amp;ssl=1 456w, https:\/\/eyc7xs8f99a.exactdn.com\/blog\/wp-content\/uploads\/ONUColegial.jpg?strip=all&amp;lossy=1&amp;w=684&amp;ssl=1 684w\" sizes=\"(max-width: 1140px) 100vw, 1140px\" \/><\/figure>\n\n\n\n<figure class=\"wp-block-image size-large\"><img decoding=\"async\" width=\"1140\" height=\"443\" data-id=\"1673\" src=\"https:\/\/eyc7xs8f99a.exactdn.com\/blog\/wp-content\/uploads\/Intercambios.jpg?strip=all&lossy=1&ssl=1\" alt=\"\" class=\"wp-image-1673\" srcset=\"https:\/\/eyc7xs8f99a.exactdn.com\/blog\/wp-content\/uploads\/Intercambios.jpg?strip=all&amp;lossy=1&amp;ssl=1 1140w, https:\/\/eyc7xs8f99a.exactdn.com\/blog\/wp-content\/uploads\/Intercambios-900x350.jpg?strip=all&amp;lossy=1&amp;ssl=1 900w, https:\/\/eyc7xs8f99a.exactdn.com\/blog\/wp-content\/uploads\/Intercambios-768x298.jpg?strip=all&amp;lossy=1&amp;ssl=1 768w, https:\/\/eyc7xs8f99a.exactdn.com\/blog\/wp-content\/uploads\/Intercambios.jpg?strip=all&amp;lossy=1&amp;w=228&amp;ssl=1 228w, https:\/\/eyc7xs8f99a.exactdn.com\/blog\/wp-content\/uploads\/Intercambios.jpg?strip=all&amp;lossy=1&amp;w=456&amp;ssl=1 456w, https:\/\/eyc7xs8f99a.exactdn.com\/blog\/wp-content\/uploads\/Intercambios.jpg?strip=all&amp;lossy=1&amp;w=684&amp;ssl=1 684w\" sizes=\"(max-width: 1140px) 100vw, 1140px\" \/><\/figure>\n<\/figure>\n\n\n\n<p>O Col\u00e9gio Santo In\u00e1cio de Botafogo ainda tem um gr\u00eamio estudantil para trabalhar a lideran\u00e7a entre os alunos e oferece oportunidades de interc\u00e2mbio.<\/p>\n\n\n\n<p>Os aprendizados em sala de aula e nos projetos complementares s\u00e3o apresentados em uma <strong>Feira de Arte, Cultura e Humanidades<\/strong> e em uma <strong>Feira de Ci\u00eancias, Inova\u00e7\u00e3o e Tecnologia<\/strong>.&nbsp;<\/p>\n\n\n\n<p>No momento em que este texto foi escrito (janeiro de 2022), a p\u00e1gina do col\u00e9gio diz que as atividades n\u00e3o est\u00e3o ocorrendo no momento, mas em breve devem retornar.<\/p>\n\n\n\n<h3 class=\"wp-block-heading\"><span class=\"ez-toc-section\" id=\"estrutura-do-colegio\"><\/span>Estrutura do col\u00e9gio<span class=\"ez-toc-section-end\"><\/span><\/h3>\n\n\n\n<p><strong>As instala\u00e7\u00f5es do Santo In\u00e1cio t\u00eam 37 mil m\u00b2! <\/strong>\ud83d\ude2f Os alunos t\u00eam acesso \u00e0:<\/p>\n\n\n\n<ul class=\"wp-block-list\">\n<li>2 bibliotecas.<\/li>\n\n\n\n<li>3 laborat\u00f3rios de Ci\u00eancias.<\/li>\n\n\n\n<li>1 laborat\u00f3rio de Qu\u00edmica.<\/li>\n\n\n\n<li>1 laborat\u00f3rio de F\u00edsica.<\/li>\n\n\n\n<li>2 laborat\u00f3rios de Rob\u00f3tica Educacional.<\/li>\n\n\n\n<li>6 laborat\u00f3rios de Inform\u00e1tica.<\/li>\n\n\n\n<li>3 mini audit\u00f3rios com equipamentos multim\u00eddia.<\/li>\n\n\n\n<li>1 audit\u00f3rio.<\/li>\n\n\n\n<li>1 laborat\u00f3rio de produ\u00e7\u00e3o de v\u00eddeo.<\/li>\n\n\n\n<li>Teatro.<\/li>\n\n\n\n<li>2 salas de videoconfer\u00eancia.<\/li>\n\n\n\n<li>Salas de aula com equipamento multim\u00eddia.<\/li>\n\n\n\n<li>4 quadras poliesportivas com arquibancada.<\/li>\n\n\n\n<li>Palco para atividades socioculturais.<\/li>\n\n\n\n<li>Piscina aquecida e coberta.<\/li>\n\n\n\n<li>Espa\u00e7os de conviv\u00eancia com mesa de tot\u00f3 e pingue-pongue.<\/li>\n\n\n\n<li>Campo de futebol.<\/li>\n\n\n\n<li>Gin\u00e1sio.<\/li>\n\n\n\n<li>Churrasqueira.<\/li>\n\n\n\n<li>Sala de enfermagem.<\/li>\n\n\n\n<li>Parque.<\/li>\n\n\n\n<li>2 lanchonetes.<\/li>\n<\/ul>\n\n\n\n<p>Abaixo voc\u00ea pode ver algumas fotos. Se quiser, tamb\u00e9m pode fazer o <a href=\"http:\/\/www.santoinacio-rio.com.br\/TourVirtualAtual\/\" target=\"_blank\" rel=\"noreferrer noopener nofollow\">tour virtual<\/a> para conhecer em detalhes.&nbsp;<\/p>\n\n\n\n<figure class=\"wp-block-gallery has-nested-images columns-default is-cropped wp-block-gallery-2 is-layout-flex wp-block-gallery-is-layout-flex\">\n<figure class=\"wp-block-image size-large\"><img decoding=\"async\" width=\"1140\" height=\"443\" data-id=\"1663\" src=\"https:\/\/eyc7xs8f99a.exactdn.com\/blog\/wp-content\/uploads\/Laboratorio_1.jpg?strip=all&lossy=1&ssl=1\" alt=\"\" class=\"wp-image-1663\" srcset=\"https:\/\/eyc7xs8f99a.exactdn.com\/blog\/wp-content\/uploads\/Laboratorio_1.jpg?strip=all&amp;lossy=1&amp;ssl=1 1140w, https:\/\/eyc7xs8f99a.exactdn.com\/blog\/wp-content\/uploads\/Laboratorio_1-900x350.jpg?strip=all&amp;lossy=1&amp;ssl=1 900w, https:\/\/eyc7xs8f99a.exactdn.com\/blog\/wp-content\/uploads\/Laboratorio_1-768x298.jpg?strip=all&amp;lossy=1&amp;ssl=1 768w, https:\/\/eyc7xs8f99a.exactdn.com\/blog\/wp-content\/uploads\/Laboratorio_1.jpg?strip=all&amp;lossy=1&amp;w=228&amp;ssl=1 228w, https:\/\/eyc7xs8f99a.exactdn.com\/blog\/wp-content\/uploads\/Laboratorio_1.jpg?strip=all&amp;lossy=1&amp;w=456&amp;ssl=1 456w, https:\/\/eyc7xs8f99a.exactdn.com\/blog\/wp-content\/uploads\/Laboratorio_1.jpg?strip=all&amp;lossy=1&amp;w=684&amp;ssl=1 684w\" sizes=\"(max-width: 1140px) 100vw, 1140px\" \/><\/figure>\n\n\n\n<figure class=\"wp-block-image size-large\"><img decoding=\"async\" width=\"1140\" height=\"443\" data-id=\"1664\" src=\"https:\/\/eyc7xs8f99a.exactdn.com\/blog\/wp-content\/uploads\/Teatro_1.jpg?strip=all&lossy=1&ssl=1\" alt=\"\" class=\"wp-image-1664\" srcset=\"https:\/\/eyc7xs8f99a.exactdn.com\/blog\/wp-content\/uploads\/Teatro_1.jpg?strip=all&amp;lossy=1&amp;ssl=1 1140w, https:\/\/eyc7xs8f99a.exactdn.com\/blog\/wp-content\/uploads\/Teatro_1-900x350.jpg?strip=all&amp;lossy=1&amp;ssl=1 900w, https:\/\/eyc7xs8f99a.exactdn.com\/blog\/wp-content\/uploads\/Teatro_1-768x298.jpg?strip=all&amp;lossy=1&amp;ssl=1 768w, https:\/\/eyc7xs8f99a.exactdn.com\/blog\/wp-content\/uploads\/Teatro_1.jpg?strip=all&amp;lossy=1&amp;w=228&amp;ssl=1 228w, https:\/\/eyc7xs8f99a.exactdn.com\/blog\/wp-content\/uploads\/Teatro_1.jpg?strip=all&amp;lossy=1&amp;w=456&amp;ssl=1 456w, https:\/\/eyc7xs8f99a.exactdn.com\/blog\/wp-content\/uploads\/Teatro_1.jpg?strip=all&amp;lossy=1&amp;w=684&amp;ssl=1 684w\" sizes=\"(max-width: 1140px) 100vw, 1140px\" \/><\/figure>\n\n\n\n<figure class=\"wp-block-image size-large\"><img decoding=\"async\" width=\"1140\" height=\"443\" data-id=\"1666\" src=\"https:\/\/eyc7xs8f99a.exactdn.com\/blog\/wp-content\/uploads\/BibliotecaCentral_1.jpg?strip=all&lossy=1&ssl=1\" alt=\"\" class=\"wp-image-1666\" srcset=\"https:\/\/eyc7xs8f99a.exactdn.com\/blog\/wp-content\/uploads\/BibliotecaCentral_1.jpg?strip=all&amp;lossy=1&amp;ssl=1 1140w, https:\/\/eyc7xs8f99a.exactdn.com\/blog\/wp-content\/uploads\/BibliotecaCentral_1-900x350.jpg?strip=all&amp;lossy=1&amp;ssl=1 900w, https:\/\/eyc7xs8f99a.exactdn.com\/blog\/wp-content\/uploads\/BibliotecaCentral_1-768x298.jpg?strip=all&amp;lossy=1&amp;ssl=1 768w, https:\/\/eyc7xs8f99a.exactdn.com\/blog\/wp-content\/uploads\/BibliotecaCentral_1.jpg?strip=all&amp;lossy=1&amp;w=228&amp;ssl=1 228w, https:\/\/eyc7xs8f99a.exactdn.com\/blog\/wp-content\/uploads\/BibliotecaCentral_1.jpg?strip=all&amp;lossy=1&amp;w=456&amp;ssl=1 456w, https:\/\/eyc7xs8f99a.exactdn.com\/blog\/wp-content\/uploads\/BibliotecaCentral_1.jpg?strip=all&amp;lossy=1&amp;w=684&amp;ssl=1 684w\" sizes=\"(max-width: 1140px) 100vw, 1140px\" \/><\/figure>\n\n\n\n<figure class=\"wp-block-image size-large\"><img decoding=\"async\" width=\"1140\" height=\"443\" data-id=\"1667\" src=\"https:\/\/eyc7xs8f99a.exactdn.com\/blog\/wp-content\/uploads\/Auditorio.jpg?strip=all&lossy=1&ssl=1\" alt=\"\" class=\"wp-image-1667\" srcset=\"https:\/\/eyc7xs8f99a.exactdn.com\/blog\/wp-content\/uploads\/Auditorio.jpg?strip=all&amp;lossy=1&amp;ssl=1 1140w, https:\/\/eyc7xs8f99a.exactdn.com\/blog\/wp-content\/uploads\/Auditorio-900x350.jpg?strip=all&amp;lossy=1&amp;ssl=1 900w, https:\/\/eyc7xs8f99a.exactdn.com\/blog\/wp-content\/uploads\/Auditorio-768x298.jpg?strip=all&amp;lossy=1&amp;ssl=1 768w, https:\/\/eyc7xs8f99a.exactdn.com\/blog\/wp-content\/uploads\/Auditorio.jpg?strip=all&amp;lossy=1&amp;w=228&amp;ssl=1 228w, https:\/\/eyc7xs8f99a.exactdn.com\/blog\/wp-content\/uploads\/Auditorio.jpg?strip=all&amp;lossy=1&amp;w=456&amp;ssl=1 456w, https:\/\/eyc7xs8f99a.exactdn.com\/blog\/wp-content\/uploads\/Auditorio.jpg?strip=all&amp;lossy=1&amp;w=684&amp;ssl=1 684w\" sizes=\"(max-width: 1140px) 100vw, 1140px\" \/><\/figure>\n\n\n\n<figure class=\"wp-block-image size-large\"><img decoding=\"async\" width=\"1140\" height=\"443\" data-id=\"1668\" src=\"https:\/\/eyc7xs8f99a.exactdn.com\/blog\/wp-content\/uploads\/Futebol.jpg?strip=all&lossy=1&ssl=1\" alt=\"\" class=\"wp-image-1668\" srcset=\"https:\/\/eyc7xs8f99a.exactdn.com\/blog\/wp-content\/uploads\/Futebol.jpg?strip=all&amp;lossy=1&amp;ssl=1 1140w, https:\/\/eyc7xs8f99a.exactdn.com\/blog\/wp-content\/uploads\/Futebol-900x350.jpg?strip=all&amp;lossy=1&amp;ssl=1 900w, https:\/\/eyc7xs8f99a.exactdn.com\/blog\/wp-content\/uploads\/Futebol-768x298.jpg?strip=all&amp;lossy=1&amp;ssl=1 768w, https:\/\/eyc7xs8f99a.exactdn.com\/blog\/wp-content\/uploads\/Futebol.jpg?strip=all&amp;lossy=1&amp;w=228&amp;ssl=1 228w, https:\/\/eyc7xs8f99a.exactdn.com\/blog\/wp-content\/uploads\/Futebol.jpg?strip=all&amp;lossy=1&amp;w=456&amp;ssl=1 456w, https:\/\/eyc7xs8f99a.exactdn.com\/blog\/wp-content\/uploads\/Futebol.jpg?strip=all&amp;lossy=1&amp;w=684&amp;ssl=1 684w\" sizes=\"(max-width: 1140px) 100vw, 1140px\" \/><\/figure>\n\n\n\n<figure class=\"wp-block-image size-large\"><img decoding=\"async\" width=\"1140\" height=\"443\" data-id=\"1672\" src=\"https:\/\/eyc7xs8f99a.exactdn.com\/blog\/wp-content\/uploads\/GremioEstudantil.jpg?strip=all&lossy=1&ssl=1\" alt=\"\" class=\"wp-image-1672\" srcset=\"https:\/\/eyc7xs8f99a.exactdn.com\/blog\/wp-content\/uploads\/GremioEstudantil.jpg?strip=all&amp;lossy=1&amp;ssl=1 1140w, https:\/\/eyc7xs8f99a.exactdn.com\/blog\/wp-content\/uploads\/GremioEstudantil-900x350.jpg?strip=all&amp;lossy=1&amp;ssl=1 900w, https:\/\/eyc7xs8f99a.exactdn.com\/blog\/wp-content\/uploads\/GremioEstudantil-768x298.jpg?strip=all&amp;lossy=1&amp;ssl=1 768w, https:\/\/eyc7xs8f99a.exactdn.com\/blog\/wp-content\/uploads\/GremioEstudantil.jpg?strip=all&amp;lossy=1&amp;w=228&amp;ssl=1 228w, https:\/\/eyc7xs8f99a.exactdn.com\/blog\/wp-content\/uploads\/GremioEstudantil.jpg?strip=all&amp;lossy=1&amp;w=456&amp;ssl=1 456w, https:\/\/eyc7xs8f99a.exactdn.com\/blog\/wp-content\/uploads\/GremioEstudantil.jpg?strip=all&amp;lossy=1&amp;w=684&amp;ssl=1 684w\" sizes=\"(max-width: 1140px) 100vw, 1140px\" \/><\/figure>\n<\/figure>\n\n\n\n<p>Outro diferencial muito interessante do Col\u00e9gio Santo In\u00e1cio do RJ \u00e9 a <strong>sustentabilidade nas instala\u00e7\u00f5es<\/strong>. Estas s\u00e3o algumas a\u00e7\u00f5es:<\/p>\n\n\n\n<ul class=\"wp-block-list\">\n<li>L\u00e2mpadas est\u00e3o sendo substitu\u00eddas por LED.<\/li>\n\n\n\n<li>Usa \u00e1gua da chuva para limpeza de sanit\u00e1rios e centro esportivo.<\/li>\n\n\n\n<li>Aumentou a \u00e1rea verde e criou teto verde em uma das quadras.<\/li>\n\n\n\n<li>Usam materiais reciclados em oficinas de artes.<\/li>\n\n\n\n<li>Promove reaproveitamento de lixo.&nbsp;<\/li>\n<\/ul>\n\n\n\n<h2 class=\"wp-block-heading\"><span class=\"ez-toc-section\" id=\"contrapartida-social\"><\/span>Contrapartida social<span class=\"ez-toc-section-end\"><\/span><\/h2>\n\n\n\n<p>Os alunos participam diretamente de atividades que impactam comunidades pr\u00f3ximas ao bairro de Botafogo. Estas s\u00e3o as principais estruturas e projetos: <\/p>\n\n\n\n<ul class=\"wp-block-list\">\n<li><strong>Arraial da solidariedade<\/strong>: festa junina cuja renda \u00e9 destinada aos projetos sociais do col\u00e9gio.<\/li>\n\n\n\n<li><strong>Ambulat\u00f3rio S\u00e3o Luiz Gonzaga: <\/strong>o col\u00e9gio cede espa\u00e7o para um ambulat\u00f3rio que atende a popula\u00e7\u00e3o carente da regi\u00e3o.<\/li>\n\n\n\n<li><strong>Centro Educacional Padre Agostinho Castej\u00f3n:<\/strong> escola que atende 180 crian\u00e7as&nbsp;carentes. Oferece educa\u00e7\u00e3o integral e alimenta\u00e7\u00e3o. <\/li>\n\n\n\n<li><strong>Creche Mundo Infantil: <\/strong>localizada no alto do Santa Marta. Recebe apoio da Prefeitura do Rio de Janeiro e de v\u00e1rias institui\u00e7\u00f5es, incluindo o Col\u00e9gio Santo In\u00e1cio de Botafogo.<\/li>\n\n\n\n<li><strong>Natal Mais Feliz: <\/strong>campanha solid\u00e1ria para arrecadar cestas b\u00e1sicas para fam\u00edlias atendidas pelos projetos sociais.<\/li>\n\n\n\n<li><strong>Grupo TETO: <\/strong>grupo internacional que constr\u00f3i moradias para pessoas necessitadas. O col\u00e9gio cede espa\u00e7o para reuni\u00f5es e patrocina a constru\u00e7\u00e3o de casas. Os alunos fazem trabalho volunt\u00e1rio no projeto.&nbsp;<\/li>\n\n\n\n<li><strong>Lanche solid\u00e1rio: <\/strong>algumas vezes por ano os alunos vendem lanches dentro do col\u00e9gio e destinam o dinheiro para alguma causa social.&nbsp;<\/li>\n\n\n\n<li><strong>Distribui\u00e7\u00e3o de refei\u00e7\u00f5es: <\/strong>alunos do Ensino M\u00e9dio participam de distribui\u00e7\u00e3o de alimentos para pessoas em situa\u00e7\u00e3o de rua ou baixa renda na Associa\u00e7\u00e3o de Comunidades de Vida Mariana.<\/li>\n<\/ul>\n\n\n\n<p>Estes projetos fazem parte da chamada \u201cforma\u00e7\u00e3o crist\u00e3\u201d do col\u00e9gio e desenvolvem elementos do projeto pedag\u00f3gico: lideran\u00e7a, cultura do cuidado, resolu\u00e7\u00e3o de problemas e transforma\u00e7\u00e3o do conhecimento em a\u00e7\u00e3o.<\/p>\n\n\n\n<h4 class=\"wp-block-heading\"><span class=\"ez-toc-section\" id=\"cursos-gratuitos-do-colegio-santo-inacio-botafogo\"><\/span>Cursos gratuitos do Col\u00e9gio Santo In\u00e1cio Botafogo<span class=\"ez-toc-section-end\"><\/span><\/h4>\n\n\n\n<p><strong>No per\u00edodo noturno o col\u00e9gio oferece cursos profissionalizantes de Administra\u00e7\u00e3o, An\u00e1lises Cl\u00ednicas, Enfermagem e Inform\u00e1tica<\/strong>.<\/p>\n\n\n\n<p>S\u00e3o cursos gratuitos com dois anos de dura\u00e7\u00e3o para jovens e adultos. O objetivo \u00e9 prepar\u00e1-los para ingresso imediato no mercado de trabalho. S\u00e3o aulas em salas e est\u00e1gios obrigat\u00f3rios em empresas. <\/p>\n\n\n\n<p>Para se matricular, precisa ter ensino m\u00e9dio completo e participar de um processo seletivo.<\/p>\n\n\n\n<figure class=\"wp-block-image size-full\"><img decoding=\"async\" width=\"1140\" height=\"443\" src=\"https:\/\/eyc7xs8f99a.exactdn.com\/blog\/wp-content\/uploads\/AnalisesClinicas.webp?strip=all&lossy=1&ssl=1\" alt=\"mulher de jaleco em laborat\u00f3rio analisa conte\u00fado de um frasco\" class=\"wp-image-1680\" srcset=\"https:\/\/eyc7xs8f99a.exactdn.com\/blog\/wp-content\/uploads\/AnalisesClinicas.webp?strip=all&amp;lossy=1&amp;ssl=1 1140w, https:\/\/eyc7xs8f99a.exactdn.com\/blog\/wp-content\/uploads\/AnalisesClinicas-900x350.webp?strip=all&amp;lossy=1&amp;ssl=1 900w, https:\/\/eyc7xs8f99a.exactdn.com\/blog\/wp-content\/uploads\/AnalisesClinicas-768x298.webp?strip=all&amp;lossy=1&amp;ssl=1 768w, https:\/\/eyc7xs8f99a.exactdn.com\/blog\/wp-content\/uploads\/AnalisesClinicas.webp?strip=all&amp;lossy=1&amp;w=228&amp;ssl=1 228w, https:\/\/eyc7xs8f99a.exactdn.com\/blog\/wp-content\/uploads\/AnalisesClinicas.webp?strip=all&amp;lossy=1&amp;w=456&amp;ssl=1 456w, https:\/\/eyc7xs8f99a.exactdn.com\/blog\/wp-content\/uploads\/AnalisesClinicas.webp?strip=all&amp;lossy=1&amp;w=684&amp;ssl=1 684w\" sizes=\"(max-width: 1140px) 100vw, 1140px\" \/><\/figure>\n\n\n\n<p><strong>O col\u00e9gio tamb\u00e9m oferece aulas de Educa\u00e7\u00e3o para Jovens e Adultos <\/strong>\u2013 o famoso supletivo, para quem n\u00e3o conseguiu concluir o ensino m\u00e9dio na adolesc\u00eancia.<\/p>\n\n\n\n<p>Durante dois anos os alunos aprendem as mat\u00e9rias de escola (Portugu\u00eas, Matem\u00e1tica, Educa\u00e7\u00e3o F\u00edsica etc.) e recebem um diploma de Ensino M\u00e9dio.<\/p>\n\n\n\n<p>As aulas acontecem nos mesmos espa\u00e7os usados pelas crian\u00e7as e adolescentes durante o dia. Inclusive, muitos alunos do Ensino M\u00e9dio do Col\u00e9gio Santo In\u00e1cio atuam como monitores nas aulas para adultos.<\/p>\n\n\n\n<p>Caso queira fazer algum curso t\u00e9cnico ou EJA, recomendo que <a href=\"https:\/\/www.santoinacio-rio.com.br\/admissao\/noturno#gsc.tab=0\" target=\"_blank\" rel=\"noreferrer noopener nofollow\">entre no site do col\u00e9gio<\/a> e leia o edital. L\u00e1 tem todas as informa\u00e7\u00f5es sobre como fazer a matr\u00edcula, carga hor\u00e1ria, e outras informa\u00e7\u00f5es importantes. \ud83d\ude09<\/p>\n\n\n\n<p>Outra atividade educativa do col\u00e9gio \u00e9 um <strong>curso pr\u00e9-vestibular para alunos de baixa renda<\/strong>, <strong>o Invest<\/strong>. Ele foi criado em 1998 por tr\u00eas volunt\u00e1rios, ex-alunos do Santo In\u00e1cio. Mais de 1500 alunos j\u00e1 passaram pelas aulas.<\/p>\n\n\n\n<h2 class=\"wp-block-heading\"><span class=\"ez-toc-section\" id=\"historia-do-colegio-santo-inacio-de-botafogo\"><\/span>Hist\u00f3ria do Col\u00e9gio Santo In\u00e1cio de Botafogo<span class=\"ez-toc-section-end\"><\/span><\/h2>\n\n\n\n<p>A escola foi criada em 1903 por padres jesu\u00edtas que moravam no Rio de Janeiro. No in\u00edcio, eram apenas nove alunos e um professor, mas poucos anos depois j\u00e1 eram quase 300 jovens matriculados.&nbsp;<\/p>\n\n\n\n<p>Durante boa parte de sua hist\u00f3ria, apenas meninos podiam estudar no Santo In\u00e1cio. A regra mudou apenas na d\u00e9cada de 1970.<\/p>\n\n\n\n<p>Aos poucos, o col\u00e9gio foi aumentando sua estrutura. Em 1990 o pr\u00e9dio principal foi tombado por seu valor hist\u00f3rico e arquitet\u00f4nico. <\/p>\n\n\n\n<p>Atualmente o Santo In\u00e1cio tem cerca de 4 mil alunos e se destaca pelos bons resultados em vestibulares de universidades cariocas e no Enem.<\/p>\n\n\n\n<h4 class=\"wp-block-heading\"><span class=\"ez-toc-section\" id=\"famosos-que-estudaram-no-colegio-santo-inacio-rj\"><\/span>Famosos que estudaram no Col\u00e9gio Santo In\u00e1cio RJ<span class=\"ez-toc-section-end\"><\/span><\/h4>\n\n\n\n<p>Ao longo de sua hist\u00f3ria, grandes personalidades da cidade do Rio de Janeiro estudaram ou matricularam seus filhos no col\u00e9gio. Alguns estudantes ilustres s\u00e3o:<\/p>\n\n\n\n<ul class=\"wp-block-list\">\n<li>Vinicius de Moraes.<\/li>\n\n\n\n<li>Cazuza.<\/li>\n\n\n\n<li>Arnaldo Jabor.<\/li>\n\n\n\n<li>Pedro Bial.<\/li>\n\n\n\n<li>Paulo Coelho.<\/li>\n\n\n\n<li>Moreira Franco.<\/li>\n<\/ul>\n\n\n\n<h2 class=\"wp-block-heading\"><span class=\"ez-toc-section\" id=\"como-e-a-inscricao-no-colegio-santo-antonio-rj\"><\/span>Como \u00e9 a inscri\u00e7\u00e3o no Col\u00e9gio Santo Ant\u00f4nio RJ<span class=\"ez-toc-section-end\"><\/span><\/h2>\n\n\n\n<p><strong>As matr\u00edculas come\u00e7am no segundo semestre<\/strong>. <a href=\"https:\/\/www.santoinacio-rio.com.br\/admissao#gsc.tab=0\" target=\"_blank\" rel=\"noreferrer noopener nofollow\">Acessando o site<\/a> voc\u00ea pode conferir como foi o processo seletivo mais recente.&nbsp;<\/p>\n\n\n\n<p><strong>Se quiser matricular seus filhos no col\u00e9gio, leia os editais com aten\u00e7\u00e3o. <\/strong>E lembre-se que podem haver mudan\u00e7as nas inscri\u00e7\u00f5es para o ano que vem.<\/p>\n\n\n\n<h3 class=\"wp-block-heading\"><span class=\"ez-toc-section\" id=\"para-alunos-do-1o-ano-do-ensino-fundamental\"><\/span>Para alunos do 1\u00ba ano do Ensino Fundamental<span class=\"ez-toc-section-end\"><\/span><\/h3>\n\n\n\n<p>As primeiras vagas s\u00e3o para alunos que j\u00e1 tenham algum irm\u00e3o matriculado e para filhos de professores e funcion\u00e1rios do col\u00e9gio. Para as demais \u00e9 realizado sorteio de vagas.<\/p>\n\n\n\n<p>Os pais devem pagar uma taxa e fazer a inscri\u00e7\u00e3o de seus filhos no sistema de matr\u00edcula online do col\u00e9gio. Se o col\u00e9gio aprovar, a documenta\u00e7\u00e3o da crian\u00e7a deve ser enviada por esse mesmo sistema.<\/p>\n\n\n\n<p>Depois do sorteio das vagas, os alunos participam de uma atividade l\u00fadica para se acostumarem com os colegas e com a escola. Essa etapa n\u00e3o \u00e9 classificat\u00f3ria, mas \u00e9 obrigat\u00f3ria para poder finalizar a matr\u00edcula.<\/p>\n\n\n\n<h3 class=\"wp-block-heading\"><span class=\"ez-toc-section\" id=\"para-alunos-a-partir-do-2o-ano-do-ensino-fundamental\"><\/span>Para alunos a partir do 2\u00ba ano do Ensino Fundamental<span class=\"ez-toc-section-end\"><\/span><\/h3>\n\n\n\n<p>Precisa se inscrever no sistema de matr\u00edcula, pagar a taxa e fazer uma prova de portugu\u00eas e matem\u00e1tica. <\/p>\n\n\n\n<p>Al\u00e9m da prova, existe uma s\u00e9rie de \u201ccrit\u00e9rios de desempate\u201d para definir quem ocupa as vagas, caso tenham muitos aprovados. S\u00e3o eles:<\/p>\n\n\n\n<ul class=\"wp-block-list\">\n<li>Adequa\u00e7\u00e3o \u00e0 faixa et\u00e1ria da turma.<\/li>\n\n\n\n<li>Irm\u00e3os matriculados no col\u00e9gio.<\/li>\n\n\n\n<li>Filhos de professores e funcion\u00e1rios.<\/li>\n\n\n\n<li>Filhos de antigos alunos.<\/li>\n<\/ul>\n\n\n\n<p>Depois disso os pais podem confirmar a matr\u00edcula do filho. Tamb\u00e9m \u00e9 poss\u00edvel fazer uma visita guiada pela escola durante o processo seletivo.<\/p>\n\n\n\n<h2 class=\"wp-block-heading\"><span class=\"ez-toc-section\" id=\"como-e-estudar-no-colegio-santo-inacio-no-rio-de-janeiro\"><\/span>Como \u00e9 estudar no Col\u00e9gio Santo In\u00e1cio no Rio de Janeiro<span class=\"ez-toc-section-end\"><\/span><\/h2>\n\n\n\n<p>A vis\u00e3o geral sobre o col\u00e9gio \u00e9 que <strong>realmente \u00e9 um dos melhores da cidade<\/strong>.<\/p>\n\n\n\n<p>Os principais pontos positivos destacados pelos pais, alunos e ex-alunos s\u00e3o a qualidade da infraestrutura, a qualifica\u00e7\u00e3o dos professores e o curr\u00edculo do col\u00e9gio. Estes s\u00e3o alguns coment\u00e1rios:<\/p>\n\n\n\n<blockquote class=\"wp-block-quote is-layout-flow wp-block-quote-is-layout-flow\">\n<p>Esse \u00e9 o melhor col\u00e9gio que eu j\u00e1 vi. Mas te d\u00e1 um bom desafio \u2013 com bom estudo, vem uma prepara\u00e7\u00e3o pesada. <\/p>\n<cite> Felipe, aluno.<\/cite><\/blockquote>\n\n\n\n<blockquote class=\"wp-block-quote is-layout-flow wp-block-quote-is-layout-flow\">\n<p>Tem sido uma experi\u00eancia muito boa. Estou amando estudar neste Col\u00e9gio. Gratid\u00e3o sempre!<\/p>\n<cite>Maria Lucia, aluna. <\/cite><\/blockquote>\n\n\n\n<p>Segundo diversos ex-alunos do Col\u00e9gio Santo In\u00e1cio, a escola cumpriu o objetivo de oferecer uma educa\u00e7\u00e3o integral, que forma para a vida e n\u00e3o apenas para o vestibular. Eles destacam a disciplina e os valores que os alunos aprendem.<\/p>\n\n\n\n<blockquote class=\"wp-block-quote is-layout-flow wp-block-quote-is-layout-flow\">\n<p>Simplesmente o melhor col\u00e9gio do mundo! Se puder criar seus filhos no Col\u00e9gio Santo In\u00e1cio, crie! Nele se forma um verdadeiro homem de car\u00e1ter. <\/p>\n<cite>Vinicius, ex-aluno. <\/cite><\/blockquote>\n\n\n\n<blockquote class=\"wp-block-quote is-layout-flow wp-block-quote-is-layout-flow\">\n<p>\u00c9 uma imensa honra poder estudar em col\u00e9gio com o n\u00edvel de ensino e infraestrutura que tem o Santo In\u00e1cio. Professores e Gestores excelentes em seus pap\u00e9is.<\/p>\n<cite>Vanessa, aluna.<\/cite><\/blockquote>\n\n\n\n<blockquote class=\"wp-block-quote is-layout-flow wp-block-quote-is-layout-flow\">\n<p>Adoro o col\u00e9gio Santo In\u00e1cio, n\u00e3o o trocaria por nada! Excelente ensino, projetos educacionais e de integra\u00e7\u00e3o com a comunidade externa maravilhosos!<\/p>\n<cite>Pedro, aluno.<\/cite><\/blockquote>\n\n\n\n<p>Outro ponto de destaque s\u00e3o os <strong>grupos de ex-alunos do Col\u00e9gio Santo In\u00e1cio de Botafogo<\/strong>. Os estudantes fazem parte da comunidade do col\u00e9gio mesmo depois da formatura. <\/p>\n\n\n\n<p>V\u00e1rios deles criam projetos volunt\u00e1rios apoiados pelo col\u00e9gio. O curso pr\u00e9-vestibular que mencionei aqui no post \u00e9 um deles, mas existem v\u00e1rias a\u00e7\u00f5es espor\u00e1dicas tamb\u00e9m. <\/p>\n\n\n\n<p>Se voc\u00ea estudou l\u00e1, comente aqui embaixo sobre a sua experi\u00eancia quando era aluno! \ud83d\ude0a <\/p>\n\n\n<div class=\"wp-block-image\">\n<figure class=\"aligncenter size-full\"><img decoding=\"async\" width=\"1315\" height=\"634\" src=\"https:\/\/eyc7xs8f99a.exactdn.com\/blog\/wp-content\/uploads\/predio-do-colegio-santo-inacio.jpg?strip=all&lossy=1&ssl=1\" alt=\"Pr\u00e9dio do col\u00e9gio santo in\u00e1cio no RJ\" class=\"wp-image-1681\" srcset=\"https:\/\/eyc7xs8f99a.exactdn.com\/blog\/wp-content\/uploads\/predio-do-colegio-santo-inacio.jpg?strip=all&amp;lossy=1&amp;ssl=1 1315w, https:\/\/eyc7xs8f99a.exactdn.com\/blog\/wp-content\/uploads\/predio-do-colegio-santo-inacio-900x434.jpg?strip=all&amp;lossy=1&amp;ssl=1 900w, https:\/\/eyc7xs8f99a.exactdn.com\/blog\/wp-content\/uploads\/predio-do-colegio-santo-inacio-768x370.jpg?strip=all&amp;lossy=1&amp;ssl=1 768w, https:\/\/eyc7xs8f99a.exactdn.com\/blog\/wp-content\/uploads\/predio-do-colegio-santo-inacio.jpg?strip=all&amp;lossy=1&amp;w=263&amp;ssl=1 263w, https:\/\/eyc7xs8f99a.exactdn.com\/blog\/wp-content\/uploads\/predio-do-colegio-santo-inacio.jpg?strip=all&amp;lossy=1&amp;w=526&amp;ssl=1 526w, https:\/\/eyc7xs8f99a.exactdn.com\/blog\/wp-content\/uploads\/predio-do-colegio-santo-inacio.jpg?strip=all&amp;lossy=1&amp;w=1052&amp;ssl=1 1052w\" sizes=\"(max-width: 1250px) 100vw, 1250px\" \/><\/figure><\/div>\n\n\n<h3 class=\"wp-block-heading\"><span class=\"ez-toc-section\" id=\"como-e-a-disciplina-no-colegio\"><\/span>Como \u00e9 a disciplina no col\u00e9gio<span class=\"ez-toc-section-end\"><\/span><\/h3>\n\n\n\n<p>As aulas s\u00e3o puxadas, com bastante conte\u00fado para estudar. Os alunos tamb\u00e9m participam de uma s\u00e9rie de atividades complementares e projetos sociais \u2013 outros col\u00e9gios de renome no RJ tamb\u00e9m s\u00e3o assim, como o <a href=\"https:\/\/otomodospais.com.br\/blog\/colegio-santo-agostinho-leblon-review\/\" target=\"_blank\" rel=\"noreferrer noopener\">Santo Agostinho<\/a>.<\/p>\n\n\n\n<p>O col\u00e9gio tamb\u00e9m \u00e9 bastante rigoroso com quest\u00f5es disciplinares. Mas hoje em dia n\u00e3o chega a ser autorit\u00e1rio.<\/p>\n\n\n\n<p>O Santo In\u00e1cio virou manchete em 2018 porque <a href=\"https:\/\/g1.globo.com\/rj\/rio-de-janeiro\/noticia\/alunas-do-colegio-santo-inacio-protestam-contra-proibicao-de-uso-de-bermuda-no-dia-a-dia-escolar-para-meninas.ghtml\" target=\"_blank\" rel=\"noreferrer noopener nofollow\">proibiu as alunas de usarem bermudas<\/a> das aulas de Educa\u00e7\u00e3o F\u00edsica no dia a dia.&nbsp;Grupos de estudantes protestaram e o col\u00e9gio reviu a decis\u00e3o. <\/p>\n\n\n\n<p>Mas na \u00e9poca, a dire\u00e7\u00e3o enviou uma carta aos pais e respons\u00e1veis, dizendo considerar o ato \u201cintempestivo e pouco relevante perante os problemas da sociedade fluminense\u201d.<\/p>\n\n\n\n<p>Os pais tamb\u00e9m apoiaram as alunas, criticaram a falta de di\u00e1logo, e hoje o problema est\u00e1 superado.<\/p>\n\n\n\n<p>Atualmente as normas de conduta do Santo In\u00e1cio s\u00e3o apenas instru\u00e7\u00f5es que existem em v\u00e1rios col\u00e9gios, como uso obrigat\u00f3rio de uniforme, proibi\u00e7\u00e3o de celular nas aulas, necessidade de justificar faltas, e assim por diante.<\/p>\n\n\n\n<p>Voc\u00ea pode ler todas as normas <a href=\"https:\/\/www.santoinacio-rio.com.br\/storage\/informacoes_gerais\/pdf\/ManualEscolar2021.pdf\" target=\"_blank\" rel=\"noreferrer noopener nofollow\">neste documento<\/a>, que geralmente recebe uma atualiza\u00e7\u00e3o a cada novo ano letivo.<\/p>\n\n\n\n<h3 class=\"wp-block-heading\"><span class=\"ez-toc-section\" id=\"questoes-ideologicas-e-de-genero\"><\/span>Quest\u00f5es ideol\u00f3gicas e de g\u00eanero<span class=\"ez-toc-section-end\"><\/span><\/h3>\n\n\n\n<p>Esse \u00e9 um ponto comum em v\u00e1rias escolas religiosas do Rio de Janeiro: o equil\u00edbrio entre os valores crist\u00e3os e temas progressistas. <strong>No caso do Santo In\u00e1cio, igualdade de g\u00eanero parece ser um problema.<\/strong><\/p>\n\n\n\n<p>Al\u00e9m do caso dos uniformes, citado anteriormente, o col\u00e9gio se envolveu em pol\u00eamica por causa da organiza\u00e7\u00e3o de alunas em coletivos feministas.<\/p>\n\n\n\n<p>Um grupo de pais n\u00e3o concordou com a pauta e lan\u00e7ou um question\u00e1rio no WhatsApp perguntando se \u201cfeminismo est\u00e1 de acordo com a f\u00e9 cat\u00f3lica\u201d. Tamb\u00e9m criticaram temas como aborto, linguagem neutra, e temas \u201ccontra o modelo tradicional de fam\u00edlia\u201d.<\/p>\n\n\n\n<p>Por outro lado, um grupo de pais apoiou as alunas e apontou que proibir essa organiza\u00e7\u00e3o seria um ataque \u00e0 liberdade de express\u00e3o.<\/p>\n\n\n\n<p>O col\u00e9gio conversou com os envolvidos, mas n\u00e3o h\u00e1 muitas informa\u00e7\u00f5es sobre como a quest\u00e3o foi resolvida. Em uma <a href=\"https:\/\/oglobo.globo.com\/brasil\/direitos-humanos\/feminismo-esta-de-acordo-com-fe-catolica-alunas-criticam-enquete-feita-por-grupo-de-pais-de-colegio-particular-do-rj-25168242\" target=\"_blank\" rel=\"noreferrer noopener nofollow\">reportagem de O Globo<\/a>, a dire\u00e7\u00e3o disse prezar pelo di\u00e1logo e a conviv\u00eancia entre todos.<\/p>\n\n\n\n<p>A quest\u00e3o se torna ainda mais importante porque <strong>grupos feministas foram respons\u00e1veis por denunciar casos de ass\u00e9dio dentro do col\u00e9gio<\/strong>.<\/p>\n\n\n\n<p>Alunas e ex-alunas fizeram diversas den\u00fancias contra professores, relatando pr\u00e1ticas como conversas desconfort\u00e1veis, toques inapropriados, e piadas sexuais.&nbsp;<\/p>\n\n\n\n<p><strong>Em 2021 o col\u00e9gio foi denunciado por omiss\u00e3o diante dos casos de ass\u00e9dio<\/strong>, como voc\u00ea pode acompanhar nesta <a href=\"https:\/\/g1.globo.com\/rj\/rio-de-janeiro\/noticia\/2021\/06\/16\/mprj-entra-na-justica-contra-colegio-santo-inacio-por-omissao-diante-de-denuncias-de-assedio-contra-alunas.ghtml\" target=\"_blank\" rel=\"noreferrer noopener nofollow\">mat\u00e9ria do G1 que saiu na \u00e9poca<\/a>. Al\u00e9m do afastamento dos respons\u00e1veis, o Minist\u00e9rio P\u00fablico do RJ pede indeniza\u00e7\u00e3o \u00e0s v\u00edtimas.<\/p>\n\n\n\n<p>Por isso, fica a reflex\u00e3o: este \u00e9 o ambiente adequado para os seus filhos? \ud83e\udd14&nbsp;<\/p>\n\n\n\n<p>Muitos pais n\u00e3o se importam com as quest\u00f5es ideol\u00f3gicas do col\u00e9gio e confiam na forma como o Santo In\u00e1cio conduz as investiga\u00e7\u00f5es internas nessas situa\u00e7\u00f5es.&nbsp;<\/p>\n\n\n\n<p>Mas ser\u00e1 que este perfil de escola, focado em valores tradicionais de disciplina e religi\u00e3o, \u00e9 o mais indicado para a sua fam\u00edlia?<\/p>\n\n\n\n<p>Recomendo que conhe\u00e7a alguns tipos diferentes de educa\u00e7\u00e3o e outras escolas antes de escolher a nova escola das crian\u00e7as. Aqui no blog do Tomo dos Pais tem alguns textos que podem te ajudar:<\/p>\n\n\n\n<ul class=\"wp-block-list\">\n<li><a href=\"https:\/\/otomodospais.com.br\/blog\/colegio-militar-guia-completo\/\" target=\"_blank\" rel=\"noreferrer noopener\">Guia sobre escolas militares<\/a>: para fam\u00edlias que gostam de col\u00e9gios de disciplina autorit\u00e1ria, sem altos custos de mensalidade.<\/li>\n\n\n\n<li><a href=\"https:\/\/otomodospais.com.br\/blog\/como-funciona-escola-montessoriana\/\" target=\"_blank\" rel=\"noreferrer noopener\">Guia sobre escolas montessorianas<\/a>: m\u00e9todo de ensino mais livre, 100% focado na autonomia e criatividade do aluno, com divis\u00e3o de salas e curr\u00edculo pouco convencionais.&nbsp;<\/li>\n<\/ul>\n\n\n\n<p>Espero que este post tenha te ajudado! \ud83d\ude0a<\/p>\n\n\n\n<p>Comente aqui embaixo as suas impress\u00f5es sobre o col\u00e9gio. Certamente ajudar\u00e1 muitos leitores que est\u00e3o buscando a melhor escola para seus filhos.<\/p>\n","protected":false},"excerpt":{"rendered":"<p>O Col\u00e9gio Santo In\u00e1cio tem uma hist\u00f3ria centen\u00e1ria de excel\u00eancia no Rio de Janeiro. J\u00e1 formou diversas gera\u00e7\u00f5es de alunos, incluindo famosos como Pedro Bial e Paulo Coelho. Hoje se&#8230;<\/p>\n","protected":false},"author":1,"featured_media":1682,"comment_status":"open","ping_status":"closed","sticky":false,"template":"","format":"standard","meta":{"footnotes":""},"categories":[42],"tags":[39,74,36],"class_list":["post-1660","post","type-post","status-publish","format-standard","has-post-thumbnail","hentry","category-educacao","tag-adolescentes","tag-colegios-do-rio-de-janeiro","tag-criancas-de-5-a-10-anos"],"featured_image_src":"https:\/\/eyc7xs8f99a.exactdn.com\/blog\/wp-content\/uploads\/fachada-do-colegio-santo-inacio.jpg?strip=all&lossy=1&ssl=1","author_info":{"display_name":"Cayo Medeiros","author_link":"https:\/\/otomodospais.com.br\/blog\/autor\/yogodoshi\/"},"_links":{"self":[{"href":"https:\/\/otomodospais.com.br\/blog\/wp-json\/wp\/v2\/posts\/1660","targetHints":{"allow":["GET"]}}],"collection":[{"href":"https:\/\/otomodospais.com.br\/blog\/wp-json\/wp\/v2\/posts"}],"about":[{"href":"https:\/\/otomodospais.com.br\/blog\/wp-json\/wp\/v2\/types\/post"}],"author":[{"embeddable":true,"href":"https:\/\/otomodospais.com.br\/blog\/wp-json\/wp\/v2\/users\/1"}],"replies":[{"embeddable":true,"href":"https:\/\/otomodospais.com.br\/blog\/wp-json\/wp\/v2\/comments?post=1660"}],"version-history":[{"count":12,"href":"https:\/\/otomodospais.com.br\/blog\/wp-json\/wp\/v2\/posts\/1660\/revisions"}],"predecessor-version":[{"id":4425,"href":"https:\/\/otomodospais.com.br\/blog\/wp-json\/wp\/v2\/posts\/1660\/revisions\/4425"}],"wp:featuredmedia":[{"embeddable":true,"href":"https:\/\/otomodospais.com.br\/blog\/wp-json\/wp\/v2\/media\/1682"}],"wp:attachment":[{"href":"https:\/\/otomodospais.com.br\/blog\/wp-json\/wp\/v2\/media?parent=1660"}],"wp:term":[{"taxonomy":"category","embeddable":true,"href":"https:\/\/otomodospais.com.br\/blog\/wp-json\/wp\/v2\/categories?post=1660"},{"taxonomy":"post_tag","embeddable":true,"href":"https:\/\/otomodospais.com.br\/blog\/wp-json\/wp\/v2\/tags?post=1660"}],"curies":[{"name":"wp","href":"https:\/\/api.w.org\/{rel}","templated":true}]}}