{"id":1941,"date":"2022-12-13T18:52:34","date_gmt":"2022-12-13T21:52:34","guid":{"rendered":"https:\/\/otomodospais.com.br\/blog\/?p=1941"},"modified":"2024-08-04T17:03:18","modified_gmt":"2024-08-04T20:03:18","slug":"colegio-notre-dame-recreio-review","status":"publish","type":"post","link":"https:\/\/otomodospais.com.br\/blog\/colegio-notre-dame-recreio-review\/","title":{"rendered":"Col\u00e9gio Notre Dame Recreio \u2013 Review completo"},"content":{"rendered":"\n<p>O Col\u00e9gio Notre Dame Recreio \u00e9 uma escola com 20 anos de hist\u00f3ria no Rio de Janeiro. Em 2022, ela alcan\u00e7ou um excelente resultado: <strong>todos os alunos que fizeram o Enem conseguiram passar em universidades p\u00fablicas pelo Sisu<\/strong>.<\/p>\n\n\n\n<p>O col\u00e9gio faz parte de uma rede educacional com unidades em diferentes cidades do Brasil. Suas caracter\u00edsticas s\u00e3o <strong>o ensino de valores como amor ao pr\u00f3ximo,<\/strong> infraestrutura de qualidade e projeto educacional completo.<\/p>\n\n\n\n<p>Neste texto, voc\u00ea conhecer\u00e1 a infraestrutura, m\u00e9todo de ensino, desempenho do col\u00e9gio e outras informa\u00e7\u00f5es relevantes para poder decidir se vale a pena ou n\u00e3o matricular seus filhos na Escola Notre Dame do Recreio dos Bandeirantes.&nbsp;<\/p>\n\n\n\n<p><em>Al\u00e9m do Recreio, tem um <a href=\"https:\/\/otomodospais.com.br\/blog\/colegio-notre-dame-ipanema\/\"><strong>Col\u00e9gio Notre Dame em Ipanema<\/strong>. Veja nosso review completo sobre ela<\/a>.<\/em><\/p>\n\n\n\n<div id=\"ez-toc-container\" class=\"ez-toc-v2_0_76 counter-hierarchy ez-toc-counter ez-toc-custom ez-toc-container-direction\">\n<div class=\"ez-toc-title-container\"><p class=\"ez-toc-title\" style=\"cursor:inherit\">\u00cdndice do post<\/p>\n<\/div><nav><ul class='ez-toc-list ez-toc-list-level-1 ' ><li class='ez-toc-page-1 ez-toc-heading-level-2'><a class=\"ez-toc-link ez-toc-heading-1\" href=\"https:\/\/otomodospais.com.br\/blog\/colegio-notre-dame-recreio-review\/#visao-geral-do-colegio-notre-dame-recreio\">Vis\u00e3o Geral do Col\u00e9gio Notre Dame Recreio<\/a><ul class='ez-toc-list-level-3' ><li class='ez-toc-heading-level-3'><a class=\"ez-toc-link ez-toc-heading-2\" href=\"https:\/\/otomodospais.com.br\/blog\/colegio-notre-dame-recreio-review\/#onde-fica-o-colegio-notre-dame-no-recreio-dos-bandeirantes-no-rj\">Onde fica o Col\u00e9gio Notre Dame no Recreio dos Bandeirantes no RJ<\/a><\/li><\/ul><\/li><li class='ez-toc-page-1 ez-toc-heading-level-2'><a class=\"ez-toc-link ez-toc-heading-3\" href=\"https:\/\/otomodospais.com.br\/blog\/colegio-notre-dame-recreio-review\/#diferenciais-do-colegio-notre-dame-recreio\">Diferenciais do Col\u00e9gio Notre Dame Recreio<\/a><ul class='ez-toc-list-level-3' ><li class='ez-toc-heading-level-3'><a class=\"ez-toc-link ez-toc-heading-4\" href=\"https:\/\/otomodospais.com.br\/blog\/colegio-notre-dame-recreio-review\/#projeto-pedagogico\">Projeto pedag\u00f3gico<\/a><\/li><li class='ez-toc-page-1 ez-toc-heading-level-3'><a class=\"ez-toc-link ez-toc-heading-5\" href=\"https:\/\/otomodospais.com.br\/blog\/colegio-notre-dame-recreio-review\/#atividades-extracurriculares\">Atividades extracurriculares<\/a><\/li><li class='ez-toc-page-1 ez-toc-heading-level-3'><a class=\"ez-toc-link ez-toc-heading-6\" href=\"https:\/\/otomodospais.com.br\/blog\/colegio-notre-dame-recreio-review\/#estrutura-do-colegio\">Estrutura do col\u00e9gio<\/a><\/li><li class='ez-toc-page-1 ez-toc-heading-level-3'><a class=\"ez-toc-link ez-toc-heading-7\" href=\"https:\/\/otomodospais.com.br\/blog\/colegio-notre-dame-recreio-review\/#aprovacao-em-vestibulares\">Aprova\u00e7\u00e3o em vestibulares<\/a><\/li><\/ul><\/li><li class='ez-toc-page-1 ez-toc-heading-level-2'><a class=\"ez-toc-link ez-toc-heading-8\" href=\"https:\/\/otomodospais.com.br\/blog\/colegio-notre-dame-recreio-review\/#como-entrar-no-colegio-notre-dame-recreio\">Como entrar no Col\u00e9gio Notre Dame Recreio<\/a><ul class='ez-toc-list-level-3' ><li class='ez-toc-heading-level-3'><a class=\"ez-toc-link ez-toc-heading-9\" href=\"https:\/\/otomodospais.com.br\/blog\/colegio-notre-dame-recreio-review\/#solicitacao-de-matricula\">Solicita\u00e7\u00e3o de matr\u00edcula<\/a><\/li><li class='ez-toc-page-1 ez-toc-heading-level-3'><a class=\"ez-toc-link ez-toc-heading-10\" href=\"https:\/\/otomodospais.com.br\/blog\/colegio-notre-dame-recreio-review\/#visita-ao-colegio\">Visita ao col\u00e9gio<\/a><\/li><li class='ez-toc-page-1 ez-toc-heading-level-3'><a class=\"ez-toc-link ez-toc-heading-11\" href=\"https:\/\/otomodospais.com.br\/blog\/colegio-notre-dame-recreio-review\/#prova-e-entrevista\">Prova e entrevista<\/a><\/li><\/ul><\/li><li class='ez-toc-page-1 ez-toc-heading-level-2'><a class=\"ez-toc-link ez-toc-heading-12\" href=\"https:\/\/otomodospais.com.br\/blog\/colegio-notre-dame-recreio-review\/#valor-das-mensalidades-do-notre-dame-recreio\">Valor das mensalidades do Notre Dame Recreio<\/a><\/li><li class='ez-toc-page-1 ez-toc-heading-level-2'><a class=\"ez-toc-link ez-toc-heading-13\" href=\"https:\/\/otomodospais.com.br\/blog\/colegio-notre-dame-recreio-review\/#como-e-estudar-no-notre-dame-recreio\">Como \u00e9 estudar no Notre Dame Recreio<\/a><ul class='ez-toc-list-level-3' ><li class='ez-toc-heading-level-3'><a class=\"ez-toc-link ez-toc-heading-14\" href=\"https:\/\/otomodospais.com.br\/blog\/colegio-notre-dame-recreio-review\/#sistema-academico-notre-dame-recreio\">Sistema Acad\u00eamico Notre Dame Recreio<\/a><\/li><li class='ez-toc-page-1 ez-toc-heading-level-3'><a class=\"ez-toc-link ez-toc-heading-15\" href=\"https:\/\/otomodospais.com.br\/blog\/colegio-notre-dame-recreio-review\/#o-que-os-pais-falam-sobre-o-colegio-notre-dame\">O que os pais falam sobre o Col\u00e9gio Notre Dame<\/a><\/li><\/ul><\/li><\/ul><\/nav><\/div>\n\n\n\n\n<h2 class=\"wp-block-heading\"><span class=\"ez-toc-section\" id=\"visao-geral-do-colegio-notre-dame-recreio\"><\/span>Vis\u00e3o Geral do Col\u00e9gio Notre Dame Recreio<span class=\"ez-toc-section-end\"><\/span><\/h2>\n\n\n\n<p>O Col\u00e9gio Notre Dame Recreio faz parte da Rede de Educa\u00e7\u00e3o Notre Dame. Ela \u00e9 mantida pela Congrega\u00e7\u00e3o de Nossa Senhora, por isso todas as escolas <strong>t\u00eam a religi\u00e3o como parte do curr\u00edculo<\/strong>.<\/p>\n\n\n\n<p>Existem Col\u00e9gios Notre Dame em v\u00e1rios estados, como Rio de Janeiro, Rio Grande do Sul, S\u00e3o Paulo e Bras\u00edlia.&nbsp;<\/p>\n\n\n\n<p><strong>As informa\u00e7\u00f5es deste texto valem exclusivamente para a unidade do Recreio.<\/strong><\/p>\n\n\n\n<p>Todas as escolas seguem as mesmas diretrizes, mas t\u00eam diferen\u00e7as entre si. Como o desempenho no Enem ou oferta de bolsas de estudos, por exemplo.<\/p>\n\n\n\n<p>As outras unidades do RJ s\u00e3o a de Ipanema e Ilha do Governador.&nbsp;<\/p>\n\n\n\n<p>Abaixo est\u00e1 um raio X com as principais informa\u00e7\u00f5es sobre o Col\u00e9gio Notre Dame do Recreio:&nbsp;<\/p>\n\n\n\n<figure class=\"wp-block-table\"><table><tbody><tr><td><strong>S\u00e9ries<\/strong><\/td><td>Creche ao 3\u00aa ano do Ensino M\u00e9dio.<\/td><\/tr><tr><td><strong>Posi\u00e7\u00e3o no Enem<\/strong><\/td><td>Posi\u00e7\u00e3o 50 no Rio de Janeiro em 2018, segundo levantamento da <a href=\"https:\/\/www.zbs.com.br\/enem\" target=\"_blank\" rel=\"noreferrer noopener nofollow\">ZBS Educa\u00e7\u00e3o<\/a>.&nbsp;<\/td><\/tr><tr><td><strong>Modelo de escola<\/strong><\/td><td>Particular, de educa\u00e7\u00e3o tradicional. Ensino de meio-per\u00edodo ou per\u00edodo integral, com op\u00e7\u00f5es de atividades extracurriculares.<\/td><\/tr><tr><td><strong>Estilo de ensino<\/strong><\/td><td>Tradicional, focado em valores religiosos, e em aprova\u00e7\u00e3o no Enem e em vestibulares.&nbsp;<\/td><\/tr><tr><td><strong>Valor da mensalidade<\/strong><\/td><td>O col\u00e9gio divulga oficialmente os valores das mensalidades apenas no momento da matr\u00edcula.<\/td><\/tr><tr><td><strong>Instala\u00e7\u00f5es<\/strong><\/td><td>Bosque, biblioteca, cantina e refeit\u00f3rio, capela, espa\u00e7os de conviv\u00eancia, espa\u00e7os para esportes, salas multim\u00eddia, laborat\u00f3rios, parques, sala de arte, sala de movimento, salas especiais para ensino de ingl\u00eas e matem\u00e1tica, teatro e audit\u00f3rio, cozinha experimental.<\/td><\/tr><tr><td><strong>Diferenciais<\/strong><\/td><td>Projeto pedag\u00f3gico diferenciado, atividades extracurriculares, infraestrutura completa e altas taxas de aprova\u00e7\u00e3o em vestibulares<\/td><\/tr><tr><td><strong>Ensino de idiomas<\/strong><\/td><td>Tem um projeto bil\u00edngue (ingl\u00eas) desde o Ensino Fundamental.<\/td><\/tr><tr><td><strong>Atividades extracurriculares<\/strong><\/td><td>Aulas de ingl\u00eas, dan\u00e7a, teatro, futsal, nata\u00e7\u00e3o, v\u00f4lei, jud\u00f4 e gin\u00e1stica art\u00edstica.<\/td><\/tr><tr><td><strong>Bolsa de estudos<\/strong><\/td><td>N\u00e3o tem bolsas de estudo para a unidade do Recreio.<\/td><\/tr><tr><td><strong>Uniformes<\/strong><\/td><td>Cada pai ou m\u00e3e compra para os seus filhos no bazar do col\u00e9gio. <a href=\"https:\/\/recreio.notredame.org.br\/wp-content\/uploads\/2021\/12\/INFORMATIVO-ND-RECREIO-2022.pdf\" target=\"_blank\" rel=\"noreferrer noopener nofollow\">Veja aqui todas as informa\u00e7\u00f5es e como comprar<\/a> (na p\u00e1gina 16).<\/td><\/tr><tr><td><strong>Contato<\/strong><\/td><td>Telefone: (21) 2490-9250<br>E-mail: <a href=\"mailto:ndrecreio@notredame.org.br\" target=\"_blank\" rel=\"noreferrer noopener\">ndrecreio@notredame.org.br<\/a><br>Site: <a href=\"http:\/\/recreio.notredame.org.br\/\" target=\"_blank\" rel=\"noreferrer noopener nofollow\">http:\/\/recreio.notredame.org.br<\/a><\/td><\/tr><\/tbody><\/table><\/figure>\n\n\n\n<h3 class=\"wp-block-heading\"><span class=\"ez-toc-section\" id=\"onde-fica-o-colegio-notre-dame-no-recreio-dos-bandeirantes-no-rj\"><\/span>Onde fica o Col\u00e9gio Notre Dame no Recreio dos Bandeirantes no RJ<span class=\"ez-toc-section-end\"><\/span><\/h3>\n\n\n\n<p>O col\u00e9gio fica na Av. das Am\u00e9ricas, n. 19400, no Recreio dos Bandeirantes.&nbsp;<\/p>\n\n\n\n<p>Fica praticamente na frente da esta\u00e7\u00e3o BRT Notre Dame do Recreio. Ent\u00e3o o deslocamento at\u00e9 o col\u00e9gio \u00e9 bem f\u00e1cil, mesmo se a sua fam\u00edlia mora em outro bairro.<\/p>\n\n\n\n<p><a href=\"https:\/\/www.google.com\/maps\/place\/Col%C3%A9gio+Notre+Dame+Recreio\/@-23.0200105,-43.495018,17.58z\/data=!4m6!3m5!1s0x9be8133f0f049d:0xf92f4fb3e12a31f0!4b1!8m2!3d-23.0189162!4d-43.5020091\" target=\"_blank\" rel=\"noreferrer noopener nofollow\">Clique aqui<\/a> para ver a localiza\u00e7\u00e3o diretamente no Google Maps.<\/p>\n\n\n<div class=\"wp-block-image\">\n<figure class=\"aligncenter size-full\"><img decoding=\"async\" width=\"1150\" height=\"596\" src=\"https:\/\/eyc7xs8f99a.exactdn.com\/blog\/wp-content\/uploads\/brt-notre-dame.jpg?strip=all&lossy=1&ssl=1\" alt=\"fachada da esta\u00e7\u00e3o brt notre dame\" class=\"wp-image-1944\" srcset=\"https:\/\/eyc7xs8f99a.exactdn.com\/blog\/wp-content\/uploads\/brt-notre-dame.jpg?strip=all&amp;lossy=1&amp;ssl=1 1150w, https:\/\/eyc7xs8f99a.exactdn.com\/blog\/wp-content\/uploads\/brt-notre-dame-900x466.jpg?strip=all&amp;lossy=1&amp;ssl=1 900w, https:\/\/eyc7xs8f99a.exactdn.com\/blog\/wp-content\/uploads\/brt-notre-dame-768x398.jpg?strip=all&amp;lossy=1&amp;ssl=1 768w, https:\/\/eyc7xs8f99a.exactdn.com\/blog\/wp-content\/uploads\/brt-notre-dame.jpg?strip=all&amp;lossy=1&amp;w=230&amp;ssl=1 230w, https:\/\/eyc7xs8f99a.exactdn.com\/blog\/wp-content\/uploads\/brt-notre-dame.jpg?strip=all&amp;lossy=1&amp;w=460&amp;ssl=1 460w, https:\/\/eyc7xs8f99a.exactdn.com\/blog\/wp-content\/uploads\/brt-notre-dame.jpg?strip=all&amp;lossy=1&amp;w=690&amp;ssl=1 690w\" sizes=\"(max-width: 1150px) 100vw, 1150px\" \/><figcaption class=\"wp-element-caption\">Esta\u00e7\u00e3o BRT Notre Dame, praticamente em frente ao col\u00e9gio<\/figcaption><\/figure><\/div>\n\n\n<h2 class=\"wp-block-heading\"><span class=\"ez-toc-section\" id=\"diferenciais-do-colegio-notre-dame-recreio\"><\/span>Diferenciais do Col\u00e9gio Notre Dame Recreio<span class=\"ez-toc-section-end\"><\/span><\/h2>\n\n\n\n<p><strong>O col\u00e9gio tem alta qualidade de ensino e de infraestrutura<\/strong>. Os principais pontos que podem interessar aos pais s\u00e3o:<\/p>\n\n\n\n<ol class=\"wp-block-list\">\n<li><strong>Projeto pedag\u00f3gico:<\/strong> focado em valores como respeito e disciplina. Oferece aulas em meio-per\u00edodo ou per\u00edodo integral.<\/li>\n\n\n\n<li><strong>Projetos extraclasse: <\/strong>est\u00edmulo \u00e0s artes, cultura e esportes como forma de incentivar a criatividade.<\/li>\n\n\n\n<li><strong>Infraestrutura:<\/strong> estrutura f\u00edsica completa para as aulas e projetos extraclasse, e espa\u00e7os abertos para conviv\u00eancia.<\/li>\n\n\n\n<li><strong>Alta taxa de aprova\u00e7\u00e3o: <\/strong>historicamente o col\u00e9gio tem bons \u00edndices de aprova\u00e7\u00e3o em vestibulares para universidades p\u00fablicas do Rio de Janeiro.&nbsp;<\/li>\n<\/ol>\n\n\n\n<figure class=\"wp-block-gallery has-nested-images columns-default is-cropped wp-block-gallery-1 is-layout-flex wp-block-gallery-is-layout-flex\">\n<figure class=\"wp-block-image size-large\"><img decoding=\"async\" width=\"550\" height=\"280\" data-id=\"1951\" src=\"https:\/\/eyc7xs8f99a.exactdn.com\/blog\/wp-content\/uploads\/alunos-do-colegio-notre-dame-recreio.jpg?strip=all&lossy=1&resize=550%2C280&ssl=1\" alt=\"\" class=\"wp-image-1951\"\/><\/figure>\n\n\n\n<figure class=\"wp-block-image size-large\"><img decoding=\"async\" width=\"550\" height=\"281\" data-id=\"1952\" src=\"https:\/\/eyc7xs8f99a.exactdn.com\/blog\/wp-content\/uploads\/laboratorio-do-colegio-notre-dame-recreio.jpg?strip=all&lossy=1&resize=550%2C281&ssl=1\" alt=\"\" class=\"wp-image-1952\"\/><\/figure>\n<\/figure>\n\n\n\n<h3 class=\"wp-block-heading\"><span class=\"ez-toc-section\" id=\"projeto-pedagogico\"><\/span>Projeto pedag\u00f3gico<span class=\"ez-toc-section-end\"><\/span><\/h3>\n\n\n\n<p>O projeto pedag\u00f3gico do col\u00e9gio Notre Dame Recreio <strong>estimula o cuidado com o pr\u00f3ximo, respeito e solidariedade.&nbsp;<\/strong><\/p>\n\n\n\n<p>Esses valores t\u00eam base na f\u00e9 cat\u00f3lica. No entanto, o discurso religioso n\u00e3o \u00e9 t\u00e3o evidente. Existem capela e pastoral internas, mas as <strong>cerim\u00f4nias religiosas s\u00e3o opcionais<\/strong>.<\/p>\n\n\n\n<p>A principal presen\u00e7a da religi\u00e3o est\u00e1 no objetivo central de <strong>educar os estudantes para que sejam bondosos.<\/strong><\/p>\n\n\n\n<p>A vis\u00e3o do col\u00e9gio \u00e9 de:<\/p>\n\n\n\n<blockquote class=\"wp-block-quote is-layout-flow wp-block-quote-is-layout-flow\">\n<p>Ser um centro integrado de aprendizagem de alta performance, cultura e conviv\u00eancia que propicie experi\u00eancias transformadoras capazes de conectar pessoas.<\/p>\n<\/blockquote>\n\n\n\n<p>Os princ\u00edpios do col\u00e9gio podem ser resumidos em:<\/p>\n\n\n\n<ul class=\"wp-block-list\">\n<li>Agir com amor e bondade, cuidando dos outros e de si.<\/li>\n\n\n\n<li>Cultivar rela\u00e7\u00f5es socioemocionais entre col\u00e9gio, fam\u00edlia e comunidade.&nbsp;<\/li>\n\n\n\n<li>Prezar pela excel\u00eancia pedag\u00f3gica e pela alta performance dos alunos.<\/li>\n<\/ul>\n\n\n\n<p>Os alunos e alunas aprendem esses princ\u00edpios de formas diferentes de acordo com seu n\u00edvel de ensino:<\/p>\n\n\n\n<ol class=\"wp-block-list\">\n<li><strong>Educa\u00e7\u00e3o Infantil (creche at\u00e9 1\u00ba ano do Ensino Fundamental): <\/strong>vivenciam diferentes experi\u00eancias de acordo com as suas curiosidades e interesses.&nbsp;<\/li>\n\n\n\n<li><strong>Ensino Fundamental: <\/strong>come\u00e7a o foco no ensino tradicional e no uso da tecnologia para aprender.<\/li>\n\n\n\n<li><strong>Ensino M\u00e9dio: <\/strong>foco na prepara\u00e7\u00e3o para o Enem e vestibulares.&nbsp;<\/li>\n<\/ol>\n\n\n\n<p>No Ensino Infantil e Fundamental tamb\u00e9m \u00e9 poss\u00edvel se matricular em per\u00edodo integral. Em um per\u00edodo os alunos t\u00eam as aulas normais, e no outro fazem atividades extracurriculares no col\u00e9gio.&nbsp;<\/p>\n\n\n\n<p>Al\u00e9m disso, o col\u00e9gio tem um <strong>programa bil\u00edngue<\/strong> para alunos da Educa\u00e7\u00e3o Infantil e primeiros anos do Fundamental. O projeto \u00e9 feito em parceria com a institui\u00e7\u00e3o Bilingual Education, e o material did\u00e1tico \u00e9 da National Geographic.<\/p>\n\n\n\n<p>Apesar do col\u00e9gio ter um m\u00e9todo de ensino tradicional, <strong>respeita as individualidades dos alunos <\/strong>e oferece v\u00e1rias formas de express\u00e3o por meio de arte e cultura.<\/p>\n\n\n\n<h3 class=\"wp-block-heading\"><span class=\"ez-toc-section\" id=\"atividades-extracurriculares\"><\/span>Atividades extracurriculares<span class=\"ez-toc-section-end\"><\/span><\/h3>\n\n\n\n<p>As atividades extracurriculares do col\u00e9gio s\u00e3o desenvolvidas com institui\u00e7\u00f5es parceiras. <\/p>\n\n\n\n<ul class=\"wp-block-list\">\n<li><strong>Aulas de ingl\u00eas: <\/strong>complementares ao projeto bil\u00edngue. Desenvolvidas pelo curso de ingl\u00eas Ibeu.<\/li>\n\n\n\n<li><strong>Aulas de dan\u00e7a: <\/strong>oferecidas no col\u00e9gio pelo est\u00fadio La Danse. Tem aulas de Inicia\u00e7\u00e3o \u00e0 dan\u00e7a, baby class e baby tap, bal\u00e9 cl\u00e1ssico, sapateado, jazz, dan\u00e7a contempor\u00e2nea e dan\u00e7as urbanas.<\/li>\n\n\n\n<li><strong>Oficina de teatro: <\/strong>o diretor da Companhia de Teatro da unidade de Ipanema tamb\u00e9m d\u00e1 aulas no Notre Dame Recreio.&nbsp;<\/li>\n\n\n\n<li><strong>Esportes: <\/strong>em parceria com a Rio Sport, a escola oferece aulas de futsal, nata\u00e7\u00e3o, v\u00f4lei, jud\u00f4 e gin\u00e1stica art\u00edstica.<\/li>\n<\/ul>\n\n\n\n<p>Al\u00e9m delas, o col\u00e9gio tamb\u00e9m realiza alguns eventos. Por exemplo:<\/p>\n\n\n\n<ul class=\"wp-block-list\">\n<li>feiras culturais e de profiss\u00f5es;<\/li>\n\n\n\n<li>a\u00e7\u00f5es solid\u00e1rias;<\/li>\n\n\n\n<li>festas para a fam\u00edlia;<\/li>\n\n\n\n<li>Olimp\u00edada estudantil.&nbsp;<\/li>\n<\/ul>\n\n\n<div class=\"wp-block-image\">\n<figure class=\"aligncenter size-full\"><img decoding=\"async\" width=\"1600\" height=\"1067\" src=\"https:\/\/eyc7xs8f99a.exactdn.com\/blog\/wp-content\/uploads\/olimpiada-estudantil-colegio-notre-dame.jpg?strip=all&lossy=1&ssl=1\" alt=\"\" class=\"wp-image-1964\" srcset=\"https:\/\/eyc7xs8f99a.exactdn.com\/blog\/wp-content\/uploads\/olimpiada-estudantil-colegio-notre-dame.jpg?strip=all&amp;lossy=1&amp;ssl=1 1600w, https:\/\/eyc7xs8f99a.exactdn.com\/blog\/wp-content\/uploads\/olimpiada-estudantil-colegio-notre-dame-900x600.jpg?strip=all&amp;lossy=1&amp;ssl=1 900w, https:\/\/eyc7xs8f99a.exactdn.com\/blog\/wp-content\/uploads\/olimpiada-estudantil-colegio-notre-dame-768x512.jpg?strip=all&amp;lossy=1&amp;ssl=1 768w, https:\/\/eyc7xs8f99a.exactdn.com\/blog\/wp-content\/uploads\/olimpiada-estudantil-colegio-notre-dame-1250x834.jpg?strip=all&amp;lossy=1&amp;ssl=1 1250w, https:\/\/eyc7xs8f99a.exactdn.com\/blog\/wp-content\/uploads\/olimpiada-estudantil-colegio-notre-dame.jpg?strip=all&amp;lossy=1&amp;w=320&amp;ssl=1 320w, https:\/\/eyc7xs8f99a.exactdn.com\/blog\/wp-content\/uploads\/olimpiada-estudantil-colegio-notre-dame.jpg?strip=all&amp;lossy=1&amp;w=640&amp;ssl=1 640w, https:\/\/eyc7xs8f99a.exactdn.com\/blog\/wp-content\/uploads\/olimpiada-estudantil-colegio-notre-dame.jpg?strip=all&amp;lossy=1&amp;w=960&amp;ssl=1 960w\" sizes=\"(max-width: 1250px) 100vw, 1250px\" \/><\/figure><\/div>\n\n\n<h3 class=\"wp-block-heading\"><span class=\"ez-toc-section\" id=\"estrutura-do-colegio\"><\/span>Estrutura do col\u00e9gio<span class=\"ez-toc-section-end\"><\/span><\/h3>\n\n\n\n<p>O col\u00e9gio Notre Dame do Recreio dos Bandeirantes \u00e9 bem grande. Tem at\u00e9 um bosque l\u00e1 dentro! \ud83d\ude2f\ud83c\udf32<\/p>\n\n\n\n<p>Todas as atividades extracurriculares acontecem dentro da escola.&nbsp;Entre os principais espa\u00e7os, destacam-se:<\/p>\n\n\n\n<ul class=\"wp-block-list\">\n<li><strong>Audit\u00f3rio e teatro, <\/strong>para ter mais contato com a cultura e receber eventos e apresenta\u00e7\u00f5es de alunos.<\/li>\n\n\n\n<li><strong>Bibliotecas.<\/strong><\/li>\n\n\n\n<li><strong>Cantina e refeit\u00f3rio<\/strong>, com <a href=\"https:\/\/recreio.notredame.org.br\/wp-content\/uploads\/2022\/02\/CARDAPIO-INTEGRAL-ND-MARCO-2022.pdf\" target=\"_blank\" rel=\"noreferrer noopener nofollow\">card\u00e1pio desenvolvido por nutricionista<\/a>.&nbsp;<\/li>\n\n\n\n<li><strong>Capela <\/strong>para cerim\u00f4nias religiosas opcionais para os alunos.<\/li>\n\n\n\n<li><strong>Laborat\u00f3rios <\/strong>para aulas pr\u00e1ticas de Biologia, F\u00edsica e Qu\u00edmica. Tem tamb\u00e9m um laborat\u00f3rio de inform\u00e1tica, usado em diversas disciplinas.<\/li>\n\n\n\n<li><strong>Bosque e parque coberto <\/strong>para atividades fora de sala de aula e para conviv\u00eancia dos alunos.<\/li>\n\n\n\n<li><strong>Salas de arte<\/strong>, um espa\u00e7o para as aulas de m\u00fasica do col\u00e9gio.&nbsp;<\/li>\n\n\n\n<li><strong>Salas multim\u00eddia<\/strong>, com recursos como projetores, \u00f3culos de realidade virtual, computadores e tablets.&nbsp;<\/li>\n\n\n\n<li><strong>Sala para disciplinas espec\u00edficas<\/strong>, como matem\u00e1tica e ingl\u00eas. Elas t\u00eam elementos l\u00fadicos para facilitar o aprendizado nos anos iniciais. <\/li>\n\n\n\n<li><strong>Sala do movimento<\/strong>, com atividades como escalada e tirolesa.&nbsp;<\/li>\n\n\n\n<li><a href=\"https:\/\/www.instagram.com\/p\/CarwEx9tMYv\/\" target=\"_blank\" rel=\"noreferrer noopener nofollow\"><strong>Cozinha<\/strong><\/a> para aulas do ensino fundamental.<\/li>\n\n\n\n<li><strong>Espa\u00e7o para esportes<\/strong> com gin\u00e1sio, piscina e quadra poliesportiva.&nbsp;<\/li>\n<\/ul>\n\n\n\n<p>Al\u00e9m desta estrutura que fica no Recreio dos Bandeirantes, o col\u00e9gio mant\u00e9m ainda o <a href=\"https:\/\/ipanema.notredame.org.br\/integral-notre-dame-promove-confraternizacao-no-recanto-girassol\/\" target=\"_blank\" data-type=\"link\" data-id=\"https:\/\/ipanema.notredame.org.br\/integral-notre-dame-promove-confraternizacao-no-recanto-girassol\/\" rel=\"noreferrer noopener nofollow\"><strong>Recanto Girassol<\/strong><\/a>, um s\u00edtio para atividades e passeios com alunos e alunas.&nbsp;<\/p>\n\n\n\n<p>\ud83d\udc47 Abaixo voc\u00ea pode ver algumas imagens da estrutura do col\u00e9gio. Elas foram tiradas do <a href=\"http:\/\/recreio.notredame.org.br\/conheca-as-instalacoes-do-colegio-notre-dame-recreio\/\" target=\"_blank\" rel=\"noreferrer noopener nofollow\">tour 360<\/a> do col\u00e9gio Notre Dame Recreio.<strong> Se quiser ver a escola toda, recomendo a experi\u00eancia! <\/strong><\/p>\n\n\n\n<figure class=\"wp-block-gallery has-nested-images columns-default is-cropped wp-block-gallery-2 is-layout-flex wp-block-gallery-is-layout-flex\">\n<figure class=\"wp-block-image size-large\"><img decoding=\"async\" width=\"1600\" height=\"744\" data-id=\"1953\" src=\"https:\/\/eyc7xs8f99a.exactdn.com\/blog\/wp-content\/uploads\/area-interna-do-colegio-notre-dame.jpg?strip=all&lossy=1&ssl=1\" alt=\"\" class=\"wp-image-1953\" srcset=\"https:\/\/eyc7xs8f99a.exactdn.com\/blog\/wp-content\/uploads\/area-interna-do-colegio-notre-dame.jpg?strip=all&amp;lossy=1&amp;ssl=1 1600w, https:\/\/eyc7xs8f99a.exactdn.com\/blog\/wp-content\/uploads\/area-interna-do-colegio-notre-dame-900x419.jpg?strip=all&amp;lossy=1&amp;ssl=1 900w, https:\/\/eyc7xs8f99a.exactdn.com\/blog\/wp-content\/uploads\/area-interna-do-colegio-notre-dame-768x357.jpg?strip=all&amp;lossy=1&amp;ssl=1 768w, https:\/\/eyc7xs8f99a.exactdn.com\/blog\/wp-content\/uploads\/area-interna-do-colegio-notre-dame.jpg?strip=all&amp;lossy=1&amp;w=320&amp;ssl=1 320w, https:\/\/eyc7xs8f99a.exactdn.com\/blog\/wp-content\/uploads\/area-interna-do-colegio-notre-dame.jpg?strip=all&amp;lossy=1&amp;w=640&amp;ssl=1 640w, https:\/\/eyc7xs8f99a.exactdn.com\/blog\/wp-content\/uploads\/area-interna-do-colegio-notre-dame.jpg?strip=all&amp;lossy=1&amp;w=960&amp;ssl=1 960w, https:\/\/eyc7xs8f99a.exactdn.com\/blog\/wp-content\/uploads\/area-interna-do-colegio-notre-dame.jpg?strip=all&amp;lossy=1&amp;w=1280&amp;ssl=1 1280w\" sizes=\"(max-width: 1250px) 100vw, 1250px\" \/><\/figure>\n\n\n\n<figure class=\"wp-block-image size-large\"><img decoding=\"async\" width=\"1600\" height=\"567\" data-id=\"1954\" src=\"https:\/\/eyc7xs8f99a.exactdn.com\/blog\/wp-content\/uploads\/hall-de-entrada-colegio-notre-dame.jpg?strip=all&lossy=1&ssl=1\" alt=\"\" class=\"wp-image-1954\" srcset=\"https:\/\/eyc7xs8f99a.exactdn.com\/blog\/wp-content\/uploads\/hall-de-entrada-colegio-notre-dame.jpg?strip=all&amp;lossy=1&amp;ssl=1 1600w, https:\/\/eyc7xs8f99a.exactdn.com\/blog\/wp-content\/uploads\/hall-de-entrada-colegio-notre-dame-900x319.jpg?strip=all&amp;lossy=1&amp;ssl=1 900w, https:\/\/eyc7xs8f99a.exactdn.com\/blog\/wp-content\/uploads\/hall-de-entrada-colegio-notre-dame-768x272.jpg?strip=all&amp;lossy=1&amp;ssl=1 768w, https:\/\/eyc7xs8f99a.exactdn.com\/blog\/wp-content\/uploads\/hall-de-entrada-colegio-notre-dame.jpg?strip=all&amp;lossy=1&amp;w=320&amp;ssl=1 320w, https:\/\/eyc7xs8f99a.exactdn.com\/blog\/wp-content\/uploads\/hall-de-entrada-colegio-notre-dame.jpg?strip=all&amp;lossy=1&amp;w=640&amp;ssl=1 640w, https:\/\/eyc7xs8f99a.exactdn.com\/blog\/wp-content\/uploads\/hall-de-entrada-colegio-notre-dame.jpg?strip=all&amp;lossy=1&amp;w=960&amp;ssl=1 960w, https:\/\/eyc7xs8f99a.exactdn.com\/blog\/wp-content\/uploads\/hall-de-entrada-colegio-notre-dame.jpg?strip=all&amp;lossy=1&amp;w=1280&amp;ssl=1 1280w\" sizes=\"(max-width: 1250px) 100vw, 1250px\" \/><\/figure>\n\n\n\n<figure class=\"wp-block-image size-large\"><img decoding=\"async\" width=\"1350\" height=\"530\" data-id=\"1955\" src=\"https:\/\/eyc7xs8f99a.exactdn.com\/blog\/wp-content\/uploads\/laboratorio-de-biologia-do-ensino-medio.jpg?strip=all&lossy=1&ssl=1\" alt=\"\" class=\"wp-image-1955\" srcset=\"https:\/\/eyc7xs8f99a.exactdn.com\/blog\/wp-content\/uploads\/laboratorio-de-biologia-do-ensino-medio.jpg?strip=all&amp;lossy=1&amp;ssl=1 1350w, https:\/\/eyc7xs8f99a.exactdn.com\/blog\/wp-content\/uploads\/laboratorio-de-biologia-do-ensino-medio-900x353.jpg?strip=all&amp;lossy=1&amp;ssl=1 900w, https:\/\/eyc7xs8f99a.exactdn.com\/blog\/wp-content\/uploads\/laboratorio-de-biologia-do-ensino-medio-768x302.jpg?strip=all&amp;lossy=1&amp;ssl=1 768w, https:\/\/eyc7xs8f99a.exactdn.com\/blog\/wp-content\/uploads\/laboratorio-de-biologia-do-ensino-medio.jpg?strip=all&amp;lossy=1&amp;w=270&amp;ssl=1 270w, https:\/\/eyc7xs8f99a.exactdn.com\/blog\/wp-content\/uploads\/laboratorio-de-biologia-do-ensino-medio.jpg?strip=all&amp;lossy=1&amp;w=540&amp;ssl=1 540w, https:\/\/eyc7xs8f99a.exactdn.com\/blog\/wp-content\/uploads\/laboratorio-de-biologia-do-ensino-medio.jpg?strip=all&amp;lossy=1&amp;w=1080&amp;ssl=1 1080w\" sizes=\"(max-width: 1250px) 100vw, 1250px\" \/><\/figure>\n\n\n\n<figure class=\"wp-block-image size-large\"><img decoding=\"async\" width=\"1558\" height=\"501\" data-id=\"1956\" src=\"https:\/\/eyc7xs8f99a.exactdn.com\/blog\/wp-content\/uploads\/laboratorio-de-fisica-do-ensino-medio.jpg?strip=all&lossy=1&ssl=1\" alt=\"\" class=\"wp-image-1956\" srcset=\"https:\/\/eyc7xs8f99a.exactdn.com\/blog\/wp-content\/uploads\/laboratorio-de-fisica-do-ensino-medio.jpg?strip=all&amp;lossy=1&amp;ssl=1 1558w, https:\/\/eyc7xs8f99a.exactdn.com\/blog\/wp-content\/uploads\/laboratorio-de-fisica-do-ensino-medio-900x289.jpg?strip=all&amp;lossy=1&amp;ssl=1 900w, https:\/\/eyc7xs8f99a.exactdn.com\/blog\/wp-content\/uploads\/laboratorio-de-fisica-do-ensino-medio-768x247.jpg?strip=all&amp;lossy=1&amp;ssl=1 768w, https:\/\/eyc7xs8f99a.exactdn.com\/blog\/wp-content\/uploads\/laboratorio-de-fisica-do-ensino-medio.jpg?strip=all&amp;lossy=1&amp;w=311&amp;ssl=1 311w, https:\/\/eyc7xs8f99a.exactdn.com\/blog\/wp-content\/uploads\/laboratorio-de-fisica-do-ensino-medio.jpg?strip=all&amp;lossy=1&amp;w=623&amp;ssl=1 623w, https:\/\/eyc7xs8f99a.exactdn.com\/blog\/wp-content\/uploads\/laboratorio-de-fisica-do-ensino-medio.jpg?strip=all&amp;lossy=1&amp;w=1246&amp;ssl=1 1246w\" sizes=\"(max-width: 1250px) 100vw, 1250px\" \/><\/figure>\n\n\n\n<figure class=\"wp-block-image size-large\"><img decoding=\"async\" width=\"1251\" height=\"740\" data-id=\"1957\" src=\"https:\/\/eyc7xs8f99a.exactdn.com\/blog\/wp-content\/uploads\/playground-do-colegio-notre-dame-recreio-1.jpg?strip=all&lossy=1&ssl=1\" alt=\"\" class=\"wp-image-1957\" srcset=\"https:\/\/eyc7xs8f99a.exactdn.com\/blog\/wp-content\/uploads\/playground-do-colegio-notre-dame-recreio-1.jpg?strip=all&amp;lossy=1&amp;ssl=1 1251w, https:\/\/eyc7xs8f99a.exactdn.com\/blog\/wp-content\/uploads\/playground-do-colegio-notre-dame-recreio-1-900x532.jpg?strip=all&amp;lossy=1&amp;ssl=1 900w, https:\/\/eyc7xs8f99a.exactdn.com\/blog\/wp-content\/uploads\/playground-do-colegio-notre-dame-recreio-1-768x454.jpg?strip=all&amp;lossy=1&amp;ssl=1 768w, https:\/\/eyc7xs8f99a.exactdn.com\/blog\/wp-content\/uploads\/playground-do-colegio-notre-dame-recreio-1.jpg?strip=all&amp;lossy=1&amp;w=250&amp;ssl=1 250w, https:\/\/eyc7xs8f99a.exactdn.com\/blog\/wp-content\/uploads\/playground-do-colegio-notre-dame-recreio-1.jpg?strip=all&amp;lossy=1&amp;w=500&amp;ssl=1 500w, https:\/\/eyc7xs8f99a.exactdn.com\/blog\/wp-content\/uploads\/playground-do-colegio-notre-dame-recreio-1.jpg?strip=all&amp;lossy=1&amp;w=1000&amp;ssl=1 1000w\" sizes=\"(max-width: 1250px) 100vw, 1250px\" \/><\/figure>\n<\/figure>\n\n\n\n<p>Em algumas ocasi\u00f5es o col\u00e9gio tamb\u00e9m promove <strong>viagens de campo<\/strong>. S\u00e3o visitas guiadas para museus, reservas ecol\u00f3gicas, e outros ambientes.&nbsp;<\/p>\n\n\n\n<h3 class=\"wp-block-heading\"><span class=\"ez-toc-section\" id=\"aprovacao-em-vestibulares\"><\/span>Aprova\u00e7\u00e3o em vestibulares<span class=\"ez-toc-section-end\"><\/span><\/h3>\n\n\n\n<p><strong>Este \u00e9 um dos principais focos da escola<\/strong>. O col\u00e9gio come\u00e7a a trabalhar as bases para vestibular j\u00e1 no Ensino Fundamental. E a aprova\u00e7\u00e3o vira foco praticamente exclusivo a partir do Ensino M\u00e9dio.<\/p>\n\n\n\n<p>Em 2022, <strong>todos os estudantes que se inscreveram no Sisu entraram em alguma universidade federal do Rio de Janeiro.&nbsp;<\/strong><\/p>\n\n\n<div class=\"wp-block-image\">\n<figure class=\"aligncenter size-full is-resized\"><img decoding=\"async\" width=\"1080\" height=\"1080\" src=\"https:\/\/eyc7xs8f99a.exactdn.com\/blog\/wp-content\/uploads\/aprovacao-nd-recreio-no-enem.jpg?strip=all&lossy=1&ssl=1\" alt=\"arte com um menino segurando uma estrela em cima de livros. ao lado, l\u00ea-se o texto: &quot;#ND recreio no enem: 100% de aprova\u00e7\u00e3o no Sisu&quot;\" class=\"wp-image-1942\" style=\"width:610px;height:610px\" srcset=\"https:\/\/eyc7xs8f99a.exactdn.com\/blog\/wp-content\/uploads\/aprovacao-nd-recreio-no-enem.jpg?strip=all&amp;lossy=1&amp;ssl=1 1080w, https:\/\/eyc7xs8f99a.exactdn.com\/blog\/wp-content\/uploads\/aprovacao-nd-recreio-no-enem-600x600.jpg?strip=all&amp;lossy=1&amp;ssl=1 600w, https:\/\/eyc7xs8f99a.exactdn.com\/blog\/wp-content\/uploads\/aprovacao-nd-recreio-no-enem-768x768.jpg?strip=all&amp;lossy=1&amp;ssl=1 768w, https:\/\/eyc7xs8f99a.exactdn.com\/blog\/wp-content\/uploads\/aprovacao-nd-recreio-no-enem.jpg?strip=all&amp;lossy=1&amp;w=216&amp;ssl=1 216w, https:\/\/eyc7xs8f99a.exactdn.com\/blog\/wp-content\/uploads\/aprovacao-nd-recreio-no-enem.jpg?strip=all&amp;lossy=1&amp;w=432&amp;ssl=1 432w, https:\/\/eyc7xs8f99a.exactdn.com\/blog\/wp-content\/uploads\/aprovacao-nd-recreio-no-enem.jpg?strip=all&amp;lossy=1&amp;w=864&amp;ssl=1 864w\" sizes=\"(max-width: 1080px) 100vw, 1080px\" \/><\/figure><\/div>\n\n\n<p>O Sisu \u00e9 uma plataforma para alunos que fizeram o Enem. Eles podem se inscrever em faculdades federais usando a nota da prova, sem precisar fazer vestibular.<\/p>\n\n\n\n<p>A concorr\u00eancia e a nota para passar variam. Depende da universidade e do curso. Por exemplo, para passar em medicina na Universidade Federal do Rio de Janeiro, precisa ter uma nota alt\u00edssima.<\/p>\n\n\n\n<p>O col\u00e9gio n\u00e3o divulgou quantos alunos se inscreveram no Sisu, e nem para quais cursos eles prestaram o vestibular. Ainda assim, \u00e9 uma grande conquista! \ud83c\udfc6<\/p>\n\n\n\n<p>Historicamente o col\u00e9gio tem a aprova\u00e7\u00e3o nas provas como objetivo. Em 2018, esteve na posi\u00e7\u00e3o 50 das melhores escolas do Rio de Janeiro no Enem.&nbsp;<\/p>\n\n\n\n<h2 class=\"wp-block-heading\"><span class=\"ez-toc-section\" id=\"como-entrar-no-colegio-notre-dame-recreio\"><\/span>Como entrar no Col\u00e9gio Notre Dame Recreio<span class=\"ez-toc-section-end\"><\/span><\/h2>\n\n\n\n<p>A fam\u00edlia precisa fazer uma visita ao col\u00e9gio e uma <strong>entrevista com a dire\u00e7\u00e3o<\/strong>. O aluno ou aluna <strong>tamb\u00e9m precisa passar em uma prova<\/strong>.<\/p>\n\n\n\n<p>Em outros col\u00e9gios particulares do RJ, as provas s\u00e3o apenas para alunos a partir do 2\u00ba ano do Ensino Fundamental. O objetivo delas \u00e9 entender se quem vem de outras escolas consegue acompanhar o ritmo. <\/p>\n\n\n\n<p>Veja abaixo as etapas para entrar no col\u00e9gio Notre Dame Recreio.&nbsp;<\/p>\n\n\n\n<h3 class=\"wp-block-heading\"><span class=\"ez-toc-section\" id=\"solicitacao-de-matricula\"><\/span>Solicita\u00e7\u00e3o de matr\u00edcula<span class=\"ez-toc-section-end\"><\/span><\/h3>\n\n\n\n<p>O primeiro passo \u00e9 <strong>clicar no bot\u00e3o \u201cagende a sua entrevista<\/strong> na <a href=\"https:\/\/matriculas.notredame.org.br\/nd_recreio\" target=\"_blank\" rel=\"noreferrer noopener nofollow\">p\u00e1gina de matriculas do col\u00e9gio<\/a>.  Voc\u00ea ser\u00e1 direcionado a este formul\u00e1rio: <\/p>\n\n\n<div class=\"wp-block-image\">\n<figure class=\"aligncenter size-full\"><img decoding=\"async\" width=\"483\" height=\"785\" src=\"https:\/\/eyc7xs8f99a.exactdn.com\/blog\/wp-content\/uploads\/formulario-de-matricula-notre-dame-recreio-1.jpg?strip=all&lossy=1&ssl=1\" alt=\"\" class=\"wp-image-1962\" srcset=\"https:\/\/eyc7xs8f99a.exactdn.com\/blog\/wp-content\/uploads\/formulario-de-matricula-notre-dame-recreio-1.jpg?strip=all&amp;lossy=1&amp;ssl=1 483w, https:\/\/eyc7xs8f99a.exactdn.com\/blog\/wp-content\/uploads\/formulario-de-matricula-notre-dame-recreio-1-369x600.jpg?strip=all&amp;lossy=1&amp;ssl=1 369w, https:\/\/eyc7xs8f99a.exactdn.com\/blog\/wp-content\/uploads\/formulario-de-matricula-notre-dame-recreio-1.jpg?strip=all&amp;lossy=1&amp;w=96&amp;ssl=1 96w, https:\/\/eyc7xs8f99a.exactdn.com\/blog\/wp-content\/uploads\/formulario-de-matricula-notre-dame-recreio-1.jpg?strip=all&amp;lossy=1&amp;w=193&amp;ssl=1 193w, https:\/\/eyc7xs8f99a.exactdn.com\/blog\/wp-content\/uploads\/formulario-de-matricula-notre-dame-recreio-1.jpg?strip=all&amp;lossy=1&amp;w=289&amp;ssl=1 289w\" sizes=\"(max-width: 483px) 100vw, 483px\" \/><figcaption class=\"wp-element-caption\">Formul\u00e1rio de inten\u00e7\u00e3o de matr\u00edcula do col\u00e9gio<\/figcaption><\/figure><\/div>\n\n\n<p>Depois de preencher os dados b\u00e1sicos, a escola entra em contato para tirar as d\u00favidas e agendar uma visita. Informa\u00e7\u00f5es como<strong> valores e calend\u00e1rio de matr\u00edcula <\/strong>s\u00e3o esclarecidas neste momento.&nbsp;<\/p>\n\n\n\n<h3 class=\"wp-block-heading\"><span class=\"ez-toc-section\" id=\"visita-ao-colegio\"><\/span>Visita ao col\u00e9gio<span class=\"ez-toc-section-end\"><\/span><\/h3>\n\n\n\n<p>Ao preencher o formul\u00e1rio, os pais s\u00e3o convidados a conhecerem de perto a estrutura e o projeto educacional do col\u00e9gio. Esta etapa \u00e9 importante para tirar as d\u00favidas e entender se de fato o Notre Dame Recreio atende \u00e0s necessidades e interesse da sua fam\u00edlia.<\/p>\n\n\n\n<h3 class=\"wp-block-heading\"><span class=\"ez-toc-section\" id=\"prova-e-entrevista\"><\/span>Prova e entrevista<span class=\"ez-toc-section-end\"><\/span><\/h3>\n\n\n\n<p>Depois da visita, seu filho precisar\u00e1 fazer uma prova de conhecimentos gerais. \u00c9 a chamada <strong>avalia\u00e7\u00e3o de sondagem<\/strong>. Os conte\u00fados dependem da s\u00e9rie em que a crian\u00e7a ou adolescente quer entrar.&nbsp;<\/p>\n\n\n\n<p>Os temas dessa prova s\u00e3o:<\/p>\n\n\n\n<ul class=\"wp-block-list\">\n<li>Leitura.<\/li>\n\n\n\n<li>Interpreta\u00e7\u00e3o de texto.<\/li>\n\n\n\n<li>Produ\u00e7\u00e3o de texto.<\/li>\n\n\n\n<li>Racioc\u00ednio l\u00f3gico.<\/li>\n\n\n\n<li>C\u00e1lculos.<\/li>\n<\/ul>\n\n\n\n<p>Se passar, tem uma entrevista da fam\u00edlia com a coordena\u00e7\u00e3o do col\u00e9gio. Ap\u00f3s isso, pode confirmar a matr\u00edcula.<\/p>\n\n\n\n<h2 class=\"wp-block-heading\"><span class=\"ez-toc-section\" id=\"valor-das-mensalidades-do-notre-dame-recreio\"><\/span>Valor das mensalidades do Notre Dame Recreio<span class=\"ez-toc-section-end\"><\/span><\/h2>\n\n\n\n<p>Esse \u00e9 o principal ponto negativo do col\u00e9gio: <strong>n\u00e3o informa qual \u00e9 o valor da mensalidade, nem se tem que pagar alguma taxa de matr\u00edcula<\/strong>.<\/p>\n\n\n\n<p>Essa informa\u00e7\u00e3o n\u00e3o est\u00e1 p\u00fablica em nenhum site da rede de ensino Notre Dame. Provavelmente \u00e9 divulgada apenas para os pais s\u00f3 depois de preencher o formul\u00e1rio de inten\u00e7\u00e3o de matr\u00edcula.<\/p>\n\n\n\n<p>Tamb\u00e9m n\u00e3o tem informa\u00e7\u00f5es sobre diferen\u00e7as no valor para Ensino Infantil, Fundamental e M\u00e9dio. Ou o valor dos custos do Ensino Integral, ou se alguma atividade extracurricular tem custo extra.&nbsp;<\/p>\n\n\n\n<p>Procurei em outras fontes, mas n\u00e3o encontrei nenhuma informa\u00e7\u00e3o confi\u00e1vel na internet. \ud83e\udd14&nbsp;<\/p>\n\n\n\n<p>Por isso, <strong>se voc\u00ea tem algum filho matriculado no col\u00e9gio, comente neste post qual \u00e9 o valor da mensalidade!<\/strong><\/p>\n\n\n\n<p>Essa informa\u00e7\u00e3o ajudar\u00e1 muito os pais que est\u00e3o procurando um novo col\u00e9gio para seus filhos. \ud83e\udd1d<\/p>\n\n\n\n<h2 class=\"wp-block-heading\"><span class=\"ez-toc-section\" id=\"como-e-estudar-no-notre-dame-recreio\"><\/span>Como \u00e9 estudar no Notre Dame Recreio<span class=\"ez-toc-section-end\"><\/span><\/h2>\n\n\n\n<p>Outros col\u00e9gios particulares e religiosos do RJ, como Santo Agostinho, Santo In\u00e1cio ou S\u00e3o Bento s\u00e3o famosos por serem dif\u00edceis.<\/p>\n\n\n\n<p><strong>Isso n\u00e3o acontece no Notre Dame Recreio<\/strong>. Durante a pesquisa para fazer esse texto, n\u00e3o vi nenhum coment\u00e1rio ou not\u00edcia mencionando a exig\u00eancia nas aulas.<\/p>\n\n\n\n<p>Talvez isso aconte\u00e7a porque o col\u00e9gio tem bastante foco em cultura, criatividade e express\u00f5es de individualidade dos alunos.&nbsp;<\/p>\n\n\n\n<p>Ou ent\u00e3o por ser um col\u00e9gio mais recente em rela\u00e7\u00e3o \u00e0s escolas particulares tradicionais do RJ. A congrega\u00e7\u00e3o de Notre Dame \u00e9 antiga, outras unidades s\u00e3o da d\u00e9cada de 80, mas <strong>o col\u00e9gio no Recreio dos Bandeirantes s\u00f3 foi fundado em 2002<\/strong>.<\/p>\n\n\n\n<p>Isso n\u00e3o quer dizer que o col\u00e9gio n\u00e3o tem disciplina ou foco em valores como a educa\u00e7\u00e3o e o respeito. O Notre Dame Recreio afirma \u201cseguir os preceitos de Jesus Cristo\u201d e tem uma lista de orienta\u00e7\u00f5es sobre como os alunos devem se portar dentro da escola.<\/p>\n\n\n\n<p>Mas s\u00e3o normas comuns de ver em outros col\u00e9gios, como n\u00e3o chegar atrasado, n\u00e3o perder dias de prova, ou n\u00e3o usar celular fora de hora. <strong>O discurso do col\u00e9gio n\u00e3o \u00e9 autorit\u00e1rio na quest\u00e3o de disciplina.<\/strong><\/p>\n\n\n\n<p>Da mesma forma, os coment\u00e1rios dos pais tamb\u00e9m n\u00e3o d\u00e3o tanto enfoque em termos como \u201cmoral e bons costumes\u201d, \u201cforma\u00e7\u00e3o r\u00edgida\u201d, ou express\u00f5es parecidas.<\/p>\n\n\n\n<p>Veja alguns relatos:<\/p>\n\n\n\n<blockquote class=\"wp-block-quote is-layout-flow wp-block-quote-is-layout-flow\">\n<p>Col\u00e9gio excelente! A equipe \u00e9 maravilhosa e merece todo o reconhecimento. A dedica\u00e7\u00e3o do integral, coordenada pela Angelina \u00e9 fenomenal! Indico de olhos fechados. Profissionalismo total.<\/p>\n<\/blockquote>\n\n\n\n<blockquote class=\"wp-block-quote is-layout-flow wp-block-quote-is-layout-flow\">\n<p>Tenho 2 filhos na escola e sou completamente apaixonada pelo ambiente e equipe. Um deles est\u00e1 no 6\u00ba ano e a outra no 1\u00ba ano do Ensino Fundamental. O que posso dizer \u00e9 que atende todas as expectativas, e o mais importante: eles v\u00e3o felizes. Valores importantes como amor ao pr\u00f3ximo e amizade, aliados a um ensino de qualidade, s\u00e3o os principais pontos positivos da escola.<\/p>\n<\/blockquote>\n\n\n\n<p>Para saber mais sobre o dia a dia do col\u00e9gio, voc\u00ea pode consultar o <a href=\"http:\/\/recreio.notredame.org.br\/wp-content\/uploads\/2021\/12\/INFORMATIVO-ND-RECREIO-2022.pdf\" target=\"_blank\" rel=\"noreferrer noopener nofollow\">informativo do ano letivo de 2022<\/a>. Ele tem informa\u00e7\u00f5es sobre processos internos, metodologia das aulas e regulamento.&nbsp;<\/p>\n\n\n\n<h3 class=\"wp-block-heading\"><span class=\"ez-toc-section\" id=\"sistema-academico-notre-dame-recreio\"><\/span>Sistema Acad\u00eamico Notre Dame Recreio<span class=\"ez-toc-section-end\"><\/span><\/h3>\n\n\n\n<p><strong>\u00c9 um sistema virtual usado por todas as unidades do col\u00e9gio<\/strong>. Um dos objetivos do col\u00e9gio \u00e9 envolver a fam\u00edlia na educa\u00e7\u00e3o. Isso \u00e9 feito pelo sistema virtual.<\/p>\n\n\n\n<p>Ele \u00e9 usado por pais e alunos j\u00e1 matriculados para acessar:<\/p>\n\n\n\n<ul class=\"wp-block-list\">\n<li>Cronograma de avalia\u00e7\u00f5es.<\/li>\n\n\n\n<li>Notas e boletim.<\/li>\n\n\n\n<li>Material de apoio.<\/li>\n\n\n\n<li>Emiss\u00e3o de boletos.<\/li>\n<\/ul>\n\n\n\n<p>Est\u00e1 dispon\u00edvel <a href=\"https:\/\/recreio.notredame.org.br\/acesso-sistemas\" target=\"_blank\" rel=\"noreferrer noopener nofollow\">pela internet<\/a> e em aplicativo para celulares Android e iOS.<\/p>\n\n\n\n<h3 class=\"wp-block-heading\"><span class=\"ez-toc-section\" id=\"o-que-os-pais-falam-sobre-o-colegio-notre-dame\"><\/span>O que os pais falam sobre o Col\u00e9gio Notre Dame<span class=\"ez-toc-section-end\"><\/span><\/h3>\n\n\n\n<p>Em geral, <strong>os pais gostam bastante do col\u00e9gio<\/strong>. Os principais pontos positivos s\u00e3o os valores fortes que o col\u00e9gio trabalha e o projeto educacional de qualidade.<\/p>\n\n\n\n<p>Eles ressaltam tamb\u00e9m que \u00e9 bem f\u00e1cil de chegar, por causa do BRT Notre Dame do Recreio. Veja alguns coment\u00e1rios:<\/p>\n\n\n\n<blockquote class=\"wp-block-quote is-layout-flow wp-block-quote-is-layout-flow\">\n<p>N\u00e3o conhe\u00e7o um col\u00e9gio melhor na regi\u00e3o. S\u00f3 quem conhece sabe os valores desta respeitada institui\u00e7\u00e3o de ensino. Parab\u00e9ns, equipe ND!<\/p>\n<\/blockquote>\n\n\n\n<blockquote class=\"wp-block-quote is-layout-flow wp-block-quote-is-layout-flow\">\n<p>Estou muito satisfeita! Meus filhos estudam l\u00e1 e n\u00e3o tenho do que reclamar. Os professores s\u00e3o excelentes e o col\u00e9gio \u00e9 muito organizado.<\/p>\n<\/blockquote>\n\n\n\n<p><strong>Mas tamb\u00e9m tem alguns coment\u00e1rios negativos sobre o col\u00e9gio. <\/strong>N\u00e3o s\u00e3o muitos, mas \u00e9 importante saber. Falam que a estrutura do col\u00e9gio decaiu com o passar dos anos, e que os casos de bullying n\u00e3o s\u00e3o tratados corretamente.<\/p>\n\n\n\n<p>Depois de terminar de ler este post, recomendo que <a href=\"https:\/\/www.google.com\/search?q=col%C3%A9gio+notre+dame+recreio&amp;sxsrf=APq-WBuBhx9T-iP9itq1f1jzBjsXUK7Ahg%3A1647222132958&amp;ei=dJ0uYsSCOurN1sQPut6W4A4&amp;ved=0ahUKEwjEjOfQvMT2AhXqppUCHTqvBewQ4dUDCA4&amp;uact=5&amp;oq=col%C3%A9gio+notre+dame+recreio&amp;gs_lcp=Cgdnd3Mtd2l6EAMyBAgjECcyBAgjECcyCwguEIAEEMcBEK8BMgUIABCABDIFCAAQgAQyBggAEBYQHjIGCAAQFhAeOgcIIxCwAxAnOgcIABBHELADOhIILhDHARCvARDIAxCwAxBDGAE6CgguEMcBEK8BEEM6BAgAEEM6CAgAEBYQChAeSgQIQRgASgQIRhgAUI4EWNMJYLQKaAFwAXgAgAGCAYgB6gaSAQMwLjeYAQCgAQHIAQvAAQHaAQQIARgI&amp;sclient=gws-wiz#lrd=0x9be8133f0f049d:0xf92f4fb3e12a31f0,1,,,\" target=\"_blank\" rel=\"noreferrer noopener nofollow\">leia todos os coment\u00e1rios do Google<\/a> para ampliar ainda mais a sua vis\u00e3o sobre a escola.<\/p>\n\n\n\n<p>O Col\u00e9gio Notre Dame \u00e9 uma boa escolha para quem <strong>preza pela criatividade e individualidade dos alunos, sem perder de vista o desempenho em avalia\u00e7\u00f5es importantes<\/strong>.&nbsp;<\/p>\n\n\n\n<p>Se \u00e9 o seu caso, vale a pena entrar em contato com o col\u00e9gio e conhecer de perto as instala\u00e7\u00f5es.<\/p>\n\n\n\n<p>Caso prefira escolas com educa\u00e7\u00e3o mais r\u00edgida, leia a an\u00e1lise de outras escolas do Rio de Janeiro aqui no blog do Tomo dos Pais:<\/p>\n\n\n\n<ul class=\"wp-block-list\">\n<li><a href=\"https:\/\/otomodospais.com.br\/blog\/colegio-santo-agostinho-leblon-review\/\">Col\u00e9gio Santo Agostinho Leblon<\/a>.<\/li>\n\n\n\n<li><a href=\"https:\/\/otomodospais.com.br\/blog\/colegio-santo-agostinho-novo-leblon-review\/\">Col\u00e9gio Santo Agostinho Novo Leblon<\/a>.<\/li>\n\n\n\n<li><a href=\"https:\/\/otomodospais.com.br\/blog\/colegio-sao-rj-bento-review\/\">Col\u00e9gio S\u00e3o Bento<\/a>.<\/li>\n\n\n\n<li><a href=\"https:\/\/otomodospais.com.br\/blog\/colegio-santo-inacio-rj-review\/\">Col\u00e9gio Santo In\u00e1cio<\/a>.<\/li>\n<\/ul>\n\n\n\n<p>Espero que essas dicas te ajudem a escolher a melhor escola para seus filhos! \ud83d\ude01<\/p>\n","protected":false},"excerpt":{"rendered":"<p>O Col\u00e9gio Notre Dame Recreio \u00e9 uma escola com 20 anos de hist\u00f3ria no Rio de Janeiro. Em 2022, ela alcan\u00e7ou um excelente resultado: todos os alunos que fizeram o&#8230;<\/p>\n","protected":false},"author":1,"featured_media":1959,"comment_status":"open","ping_status":"closed","sticky":false,"template":"","format":"standard","meta":{"footnotes":""},"categories":[42],"tags":[39,64,74,35,36],"class_list":["post-1941","post","type-post","status-publish","format-standard","has-post-thumbnail","hentry","category-educacao","tag-adolescentes","tag-colegios","tag-colegios-do-rio-de-janeiro","tag-criancas-3-4-anos","tag-criancas-de-5-a-10-anos"],"featured_image_src":"https:\/\/eyc7xs8f99a.exactdn.com\/blog\/wp-content\/uploads\/fachada-colegio-notre-dame-rj-1.jpg?strip=all&lossy=1&ssl=1","author_info":{"display_name":"Cayo Medeiros","author_link":"https:\/\/otomodospais.com.br\/blog\/autor\/yogodoshi\/"},"_links":{"self":[{"href":"https:\/\/otomodospais.com.br\/blog\/wp-json\/wp\/v2\/posts\/1941","targetHints":{"allow":["GET"]}}],"collection":[{"href":"https:\/\/otomodospais.com.br\/blog\/wp-json\/wp\/v2\/posts"}],"about":[{"href":"https:\/\/otomodospais.com.br\/blog\/wp-json\/wp\/v2\/types\/post"}],"author":[{"embeddable":true,"href":"https:\/\/otomodospais.com.br\/blog\/wp-json\/wp\/v2\/users\/1"}],"replies":[{"embeddable":true,"href":"https:\/\/otomodospais.com.br\/blog\/wp-json\/wp\/v2\/comments?post=1941"}],"version-history":[{"count":15,"href":"https:\/\/otomodospais.com.br\/blog\/wp-json\/wp\/v2\/posts\/1941\/revisions"}],"predecessor-version":[{"id":5068,"href":"https:\/\/otomodospais.com.br\/blog\/wp-json\/wp\/v2\/posts\/1941\/revisions\/5068"}],"wp:featuredmedia":[{"embeddable":true,"href":"https:\/\/otomodospais.com.br\/blog\/wp-json\/wp\/v2\/media\/1959"}],"wp:attachment":[{"href":"https:\/\/otomodospais.com.br\/blog\/wp-json\/wp\/v2\/media?parent=1941"}],"wp:term":[{"taxonomy":"category","embeddable":true,"href":"https:\/\/otomodospais.com.br\/blog\/wp-json\/wp\/v2\/categories?post=1941"},{"taxonomy":"post_tag","embeddable":true,"href":"https:\/\/otomodospais.com.br\/blog\/wp-json\/wp\/v2\/tags?post=1941"}],"curies":[{"name":"wp","href":"https:\/\/api.w.org\/{rel}","templated":true}]}}