{"id":4380,"date":"2025-09-12T15:43:55","date_gmt":"2025-09-12T18:43:55","guid":{"rendered":"https:\/\/otomodospais.com.br\/blog\/?p=4380"},"modified":"2025-09-12T15:43:57","modified_gmt":"2025-09-12T18:43:57","slug":"escolas-coleguium-review-completo","status":"publish","type":"post","link":"https:\/\/otomodospais.com.br\/blog\/escolas-coleguium-review-completo\/","title":{"rendered":"Escolas Coleguium de Belo Horizonte \u2013 Review completo"},"content":{"rendered":"\n<p>O Coleguium \u00e9 uma rede de ensino com 37 anos de hist\u00f3ria, com escolas em Belo Horizonte, interior de Minas Gerais, e no Par\u00e1.<\/p>\n\n\n\n<p>Todas as unidades seguem uma linha pedag\u00f3gica semelhante, que <strong>conecta os conte\u00fados das aulas com a viv\u00eancia dos estudantes<\/strong>. Algumas tamb\u00e9m focam no ensino de ingl\u00eas, incluindo projeto bil\u00edngue.<\/p>\n\n\n\n<p>O m\u00e9todo rendeu bons resultados no Enem em 2023: escolas da rede Coleguium est\u00e3o entre as <strong>10 melhores de Minas Gerais, e as 50 melhores do Brasil. <\/strong><\/p>\n\n\n\n<p>Descubra como \u00e9 o ensino do Coleguium, qual \u00e9 a estrutura das escolas, conhe\u00e7a a hist\u00f3ria, como \u00e9 o <strong>processo seletivo para bolsa de estudos<\/strong>, e muito mais!<\/p>\n\n\n\n<div id=\"ez-toc-container\" class=\"ez-toc-v2_0_76 counter-hierarchy ez-toc-counter ez-toc-custom ez-toc-container-direction\">\n<div class=\"ez-toc-title-container\"><p class=\"ez-toc-title\" style=\"cursor:inherit\">\u00cdndice do post<\/p>\n<\/div><nav><ul class='ez-toc-list ez-toc-list-level-1 ' ><li class='ez-toc-page-1 ez-toc-heading-level-2'><a class=\"ez-toc-link ez-toc-heading-1\" href=\"https:\/\/otomodospais.com.br\/blog\/escolas-coleguium-review-completo\/#visao-geral-do-colegio\">Vis\u00e3o geral do col\u00e9gio<\/a><ul class='ez-toc-list-level-3' ><li class='ez-toc-heading-level-3'><a class=\"ez-toc-link ez-toc-heading-2\" href=\"https:\/\/otomodospais.com.br\/blog\/escolas-coleguium-review-completo\/#quais-sao-as-unidades-do-coleguium\">Quais s\u00e3o as unidades do coleguium?&nbsp;<\/a><\/li><\/ul><\/li><li class='ez-toc-page-1 ez-toc-heading-level-2'><a class=\"ez-toc-link ez-toc-heading-3\" href=\"https:\/\/otomodospais.com.br\/blog\/escolas-coleguium-review-completo\/#quais-sao-os-diferenciais-do-coleguium\">Quais s\u00e3o os diferenciais do Coleguium?<\/a><ul class='ez-toc-list-level-3' ><li class='ez-toc-heading-level-3'><a class=\"ez-toc-link ez-toc-heading-4\" href=\"https:\/\/otomodospais.com.br\/blog\/escolas-coleguium-review-completo\/#projeto-pedagogico\">Projeto pedag\u00f3gico<\/a><\/li><li class='ez-toc-page-1 ez-toc-heading-level-3'><a class=\"ez-toc-link ez-toc-heading-5\" href=\"https:\/\/otomodospais.com.br\/blog\/escolas-coleguium-review-completo\/#ensino-de-ingles\">Ensino de ingl\u00eas<\/a><\/li><li class='ez-toc-page-1 ez-toc-heading-level-3'><a class=\"ez-toc-link ez-toc-heading-6\" href=\"https:\/\/otomodospais.com.br\/blog\/escolas-coleguium-review-completo\/#atividades-complementares\">Atividades complementares<\/a><\/li><li class='ez-toc-page-1 ez-toc-heading-level-3'><a class=\"ez-toc-link ez-toc-heading-7\" href=\"https:\/\/otomodospais.com.br\/blog\/escolas-coleguium-review-completo\/#historia\">Hist\u00f3ria<\/a><\/li><li class='ez-toc-page-1 ez-toc-heading-level-3'><a class=\"ez-toc-link ez-toc-heading-8\" href=\"https:\/\/otomodospais.com.br\/blog\/escolas-coleguium-review-completo\/#quem-comprou-o-coleguium\">Quem comprou o Coleguium?<\/a><\/li><\/ul><\/li><li class='ez-toc-page-1 ez-toc-heading-level-2'><a class=\"ez-toc-link ez-toc-heading-9\" href=\"https:\/\/otomodospais.com.br\/blog\/escolas-coleguium-review-completo\/#como-e-a-estrutura-do-coleguium\">Como \u00e9 a estrutura do Coleguium?<\/a><\/li><li class='ez-toc-page-1 ez-toc-heading-level-2'><a class=\"ez-toc-link ez-toc-heading-10\" href=\"https:\/\/otomodospais.com.br\/blog\/escolas-coleguium-review-completo\/#quanto-custa-a-mensalidade-do-coleguium\">Quanto custa a mensalidade do Coleguium?<\/a><\/li><li class='ez-toc-page-1 ez-toc-heading-level-2'><a class=\"ez-toc-link ez-toc-heading-11\" href=\"https:\/\/otomodospais.com.br\/blog\/escolas-coleguium-review-completo\/#como-e-o-processo-seletivo-de-bolsas-de-estudos-do-coleguium\">Como \u00e9 o processo seletivo de bolsas de estudos do Coleguium?<\/a><\/li><li class='ez-toc-page-1 ez-toc-heading-level-2'><a class=\"ez-toc-link ez-toc-heading-12\" href=\"https:\/\/otomodospais.com.br\/blog\/escolas-coleguium-review-completo\/#quais-sao-as-avaliacoes-do-coleguium\">Quais s\u00e3o as avalia\u00e7\u00f5es do Coleguium?<\/a><\/li><\/ul><\/nav><\/div>\n\n\n\n\n<h2 class=\"wp-block-heading\"><span class=\"ez-toc-section\" id=\"visao-geral-do-colegio\"><\/span>Vis\u00e3o geral do col\u00e9gio<span class=\"ez-toc-section-end\"><\/span><\/h2>\n\n\n\n<p>O Coleguium foi fundado em 1987, em Belo Horizonte. Ao longo dos anos se tornou uma rede, com escolas em diversas cidades.  <\/p>\n\n\n\n<p>Em 2013, <strong>o coleguium foi adquirido pelo Grupo Eleva<\/strong>, dono de v\u00e1rias escolas particulares de renome em todo o Brasil, como <a href=\"https:\/\/otomodospais.com.br\/blog\/escolas-eleva-rj-review\" target=\"_blank\" rel=\"noreferrer noopener\">Eleva<\/a> e <a href=\"https:\/\/otomodospais.com.br\/blog\/colegio-pensi-rj-review-completo\/\" target=\"_blank\" rel=\"noreferrer noopener\">Pensi<\/a>, do RJ. \u00a0<\/p>\n\n\n\n<p>O Coleguium tem aulas do Ensino Infantil at\u00e9 o Ensino M\u00e9dio. O estilo \u00e9 tradicional, com foco na prepara\u00e7\u00e3o para o Enem e vestibulares. <\/p>\n\n\n\n<p><strong>Este texto fala sobre a rede Coleguium como um todo<\/strong>, sem entrar em detalhes sobre cada unidade. Ao longo do post voc\u00ea ver\u00e1 links para conhecer cada uma de perto. \ud83d\ude09<\/p>\n\n\n\n<p>Veja abaixo um raio X com as principais informa\u00e7\u00f5es da rede Coleguium:<\/p>\n\n\n\n<figure class=\"wp-block-table\"><table><tbody><tr><td><strong>S\u00e9ries<\/strong><\/td><td>Educa\u00e7\u00e3o Infantil ao Ensino M\u00e9dio.<\/td><\/tr><tr><td><strong>Posi\u00e7\u00e3o no Enem<\/strong><\/td><td>6\u00ba melhor do Enem em Minas Gerais em 2023, segundo <a href=\"https:\/\/g1.globo.com\/mg\/zona-da-mata\/especial-publicitario\/colegio-apogeu\/transformando-vidas\/noticia\/2023\/12\/21\/interior-de-minas-tem-4-representantes-entre-as-10-melhores-escolas-do-estado.ghtml\" rel=\"nofollow noopener\" target=\"_blank\">levantamento do G1<\/a> e do <a href=\"https:\/\/www.em.com.br\/app\/noticia\/educacao\/2023\/10\/17\/internas_educacao,1578044\/enem-belo-horizonte-tem-cinco-escolas-entre-as-50-maiores-notas-do-pais.shtml#:~:text=28%C2%BA%20Coleguium-%20Belo%20Horizonte%20(privado)%3A%20708%2C50\" target=\"_blank\" rel=\"noreferrer noopener nofollow\">Jornal Estado de Minas<\/a>.&nbsp;<\/td><\/tr><tr><td><strong>Modelo de escola<\/strong><\/td><td>Particular, de ensino tradicional, seguindo linha pedag\u00f3gica de aprendizagem significativa.&nbsp;<\/td><\/tr><tr><td><strong>Estilo de ensino<\/strong><\/td><td>Ensino focado em aprova\u00e7\u00e3o nos principais vestibulares, no contato com outros idiomas, e com oferta de atividades complementares. Algumas escolas do grupo s\u00e3o bil\u00edngues, outras t\u00eam aulas em per\u00edodo integral at\u00e9 os primeiros anos do Ensino Fundamental.<\/td><\/tr><tr><td><strong>Valor da mensalidade<\/strong><\/td><td>N\u00e3o informado.<\/td><\/tr><tr><td><strong>Instala\u00e7\u00f5es<\/strong><\/td><td>Varia em cada unidade. Em geral: \u00e1rea verde; banheiro infantil; biblioteca; parque; p\u00e1tio coberto e descoberto; quadra coberta; sala de esportes; sala de leitura; laborat\u00f3rio de rob\u00f3tica\/maker; refeit\u00f3rio; laborat\u00f3rio de ci\u00eancias.<\/td><\/tr><tr><td><strong>Diferenciais<\/strong><\/td><td>Projeto pedag\u00f3gico; projeto bil\u00edngue; programas complementares; hist\u00f3ria em BH.<\/td><\/tr><tr><td><strong>Ensino de idiomas<\/strong><\/td><td>Ingl\u00eas na grade curricular. Algumas unidades tamb\u00e9m t\u00eam curr\u00edculo americano, ou projeto bil\u00edngue.<\/td><\/tr><tr><td><strong>Atividades extracurriculares<\/strong><\/td><td>Futsal; jud\u00f4; gin\u00e1stica r\u00edtmica; dan\u00e7as (ballet, jazz e dan\u00e7as urbanas); leitura e alfabetiza\u00e7\u00e3o; aulas de arte; m\u00fasica; teatro; esportes, dan\u00e7a; oficinas pedag\u00f3gicas.<\/td><\/tr><tr><td><strong>Bolsa de estudos<\/strong><\/td><td>Tem um programa de bolsas de at\u00e9 70%, para todas as s\u00e9ries.&nbsp;<\/td><\/tr><tr><td><strong>Uniformes<\/strong><\/td><td>De uso obrigat\u00f3rio, devem ser adquiridos pelos pais em <a href=\"https:\/\/coleguium.com.br\/estude-no-coleguium\/uniformes\/\" target=\"_blank\" rel=\"noreferrer noopener nofollow\">lojas credenciadas<\/a>.&nbsp;<\/td><\/tr><tr><td><strong>Contato<\/strong><\/td><td>Telefone:&nbsp; (31) 3490 \u2013 5000<br>WhatsApp: <a href=\"https:\/\/api.whatsapp.com\/send?phone=553134905000\" rel=\"nofollow noopener\" target=\"_blank\">https:\/\/api.whatsapp.com\/send?phone=553134905000<\/a>&nbsp;<br>Site: <a href=\"https:\/\/coleguium.com.br\/contato\/fale-conosco\/\" rel=\"nofollow noopener\" target=\"_blank\">https:\/\/coleguium.com.br\/contato\/fale-conosco\/<\/a>&nbsp;<\/td><\/tr><\/tbody><\/table><\/figure>\n\n\n<figure class=\"wp-block-embed-youtube wp-block-embed is-type-video is-provider-youtube wp-embed-aspect-16-9 wp-has-aspect-ratio\"><div class=\"lyte-wrapper\" style=\"width:640px;max-width:100%;margin:5px auto;\"><div class=\"lyMe\" id=\"WYL_TcJ3nkRHG6k\"><div id=\"lyte_TcJ3nkRHG6k\" data-src=\"\/\/i.ytimg.com\/vi\/TcJ3nkRHG6k\/hqdefault.jpg\" class=\"pL\"><div class=\"tC\"><div class=\"tT\"><\/div><\/div><div class=\"play\"><\/div><div class=\"ctrl\"><div class=\"Lctrl\"><\/div><div class=\"Rctrl\"><\/div><\/div><\/div><noscript><a href=\"https:\/\/youtu.be\/TcJ3nkRHG6k\" rel=\"nofollow noopener\" target=\"_blank\"><img decoding=\"async\" src=\"https:\/\/i.ytimg.com\/vi\/TcJ3nkRHG6k\/0.jpg\" alt=\"YouTube video thumbnail\" width=\"640\" height=\"340\" \/><br \/>Assista a este v\u00eddeo no YouTube<\/a><\/noscript><\/div><\/div><div class=\"lL\" style=\"max-width:100%;width:640px;margin:5px auto;\"><\/div><figcaption><\/figcaption><\/figure>\n\n\n<p><\/p>\n\n\n\n<h3 class=\"wp-block-heading\"><span class=\"ez-toc-section\" id=\"quais-sao-as-unidades-do-coleguium\"><\/span>Quais s\u00e3o as unidades do coleguium?&nbsp;<span class=\"ez-toc-section-end\"><\/span><\/h3>\n\n\n\n<p>O Coleguium tem 19 unidades. Quinze delas est\u00e3o em Belo Horizonte:<\/p>\n\n\n\n<ol class=\"wp-block-list\">\n<li>Al\u00edpio de Melo.<\/li>\n\n\n\n<li>Carlos Prates.<\/li>\n\n\n\n<li>Castelo.<\/li>\n\n\n\n<li>Castelo Manac\u00e1s.<\/li>\n\n\n\n<li>Gutierrez (Fundamental e M\u00e9dio)<\/li>\n\n\n\n<li>Gutierrez (Infantil)<\/li>\n\n\n\n<li>Internacional Belvedere.<\/li>\n\n\n\n<li>Internacional Buritis.<\/li>\n\n\n\n<li>Internacional Cidade Nova.<\/li>\n\n\n\n<li>Internacional Pampulha.<\/li>\n\n\n\n<li>Jaragu\u00e1.<\/li>\n\n\n\n<li>Nova Su\u00ed\u00e7a.<\/li>\n\n\n\n<li>Ouro Preto.<\/li>\n\n\n\n<li>Ouro Preto Integral.<\/li>\n\n\n\n<li>Santa Am\u00e9lia.<\/li>\n<\/ol>\n\n\n\n<p>As demais ficam nas cidades de Concei\u00e7\u00e3o do Mato Dentro, Lagoa Santa, e Nova Lima. No Par\u00e1, o Coleguium fica em Parauapebas.&nbsp;<\/p>\n\n\n\n<p>\ud83d\udccd <a href=\"https:\/\/coleguium.com.br\/estude-no-coleguium\/unidades\/\" rel=\"nofollow noopener\" target=\"_blank\">Clique aqui para acessar o mapa com a localiza\u00e7\u00e3o de todas as unidades do Coleguium.<\/a><\/p>\n\n\n\n<h2 class=\"wp-block-heading\"><span class=\"ez-toc-section\" id=\"quais-sao-os-diferenciais-do-coleguium\"><\/span>Quais s\u00e3o os diferenciais do Coleguium?<span class=\"ez-toc-section-end\"><\/span><\/h2>\n\n\n\n<p>O principal atrativo do Coleguium \u00e9 o <strong>projeto pedag\u00f3gico completo<\/strong>, que inclui oferta de atividades complementares variadas. <\/p>\n\n\n\n<p>Os diferenciais da escola s\u00e3o:<\/p>\n\n\n\n<ol class=\"wp-block-list\">\n<li><strong>Projeto pedag\u00f3gico: <\/strong>foca em relacionar o conte\u00fado das aulas com as experi\u00eancias de vida dos alunos. Inclui ensino integral em algumas unidades.&nbsp;<\/li>\n\n\n\n<li><strong>Ensino de ingl\u00eas: <\/strong>a rede tem diferentes projetos voltados ao idioma, que variam de acordo com cada unidade.&nbsp;<\/li>\n\n\n\n<li><strong>Programas complementares:<\/strong> oferta de projetos acad\u00eamicos de orienta\u00e7\u00e3o profissional, prepara\u00e7\u00e3o para vestibulares, esporte, e cultura.<\/li>\n\n\n\n<li><strong>Hist\u00f3ria em BH: <\/strong>30 anos de hist\u00f3ria em BH, com recentes expans\u00f5es para outras cidades.<\/li>\n<\/ol>\n\n\n<div class=\"wp-block-image\">\n<figure class=\"aligncenter size-full is-resized\"><img decoding=\"async\" width=\"999\" height=\"749\" src=\"https:\/\/eyc7xs8f99a.exactdn.com\/blog\/wp-content\/uploads\/fachada-nucleo-coleguium.jpg?strip=all&lossy=1&ssl=1\" alt=\"fachada de um n\u00facleo da rede de ensino coleguium em bh\" class=\"wp-image-4382\" style=\"aspect-ratio:1.3337783711615487;width:736px;height:auto\" srcset=\"https:\/\/eyc7xs8f99a.exactdn.com\/blog\/wp-content\/uploads\/fachada-nucleo-coleguium.jpg?strip=all&amp;lossy=1&amp;ssl=1 999w, https:\/\/eyc7xs8f99a.exactdn.com\/blog\/wp-content\/uploads\/fachada-nucleo-coleguium-800x600.jpg?strip=all&amp;lossy=1&amp;ssl=1 800w, https:\/\/eyc7xs8f99a.exactdn.com\/blog\/wp-content\/uploads\/fachada-nucleo-coleguium-768x576.jpg?strip=all&amp;lossy=1&amp;ssl=1 768w, https:\/\/eyc7xs8f99a.exactdn.com\/blog\/wp-content\/uploads\/fachada-nucleo-coleguium.jpg?strip=all&amp;lossy=1&amp;w=199&amp;ssl=1 199w, https:\/\/eyc7xs8f99a.exactdn.com\/blog\/wp-content\/uploads\/fachada-nucleo-coleguium.jpg?strip=all&amp;lossy=1&amp;w=399&amp;ssl=1 399w, https:\/\/eyc7xs8f99a.exactdn.com\/blog\/wp-content\/uploads\/fachada-nucleo-coleguium.jpg?strip=all&amp;lossy=1&amp;w=599&amp;ssl=1 599w\" sizes=\"(max-width: 999px) 100vw, 999px\" \/><\/figure><\/div>\n\n\n<h3 class=\"wp-block-heading\"><span class=\"ez-toc-section\" id=\"projeto-pedagogico\"><\/span>Projeto pedag\u00f3gico<span class=\"ez-toc-section-end\"><\/span><\/h3>\n\n\n\n<p>Em todas as unidades, a linha pedag\u00f3gica do Coleguium \u00e9 chamada de <strong>modelo de aprendizagem significativa. <\/strong>Os professores contextualizam as mat\u00e9rias conforme as experi\u00eancias de cada estudante.<\/p>\n\n\n\n<p>O objetivo \u00e9 facilitar o aprendizado atrav\u00e9s das conex\u00f5es com o que as crian\u00e7as vivem e veem todos os dias. Essa metodologia tamb\u00e9m incentiva a <strong>forma\u00e7\u00e3o do pensamento cr\u00edtico e cidad\u00e3o<\/strong>.&nbsp;&nbsp;<\/p>\n\n\n\n<p>As turmas s\u00e3o de Ensino Infantil, Fundamental, e M\u00e9dio. Na maioria das escolas as aulas s\u00e3o em meio-per\u00edodo. As unidades abaixo oferecem <strong>op\u00e7\u00e3o de ensino integral<\/strong>: <\/p>\n\n\n\n<ul class=\"wp-block-list\">\n<li>Coleguium Castelo.<\/li>\n\n\n\n<li>Coleguium Gutierrez.&nbsp;<\/li>\n\n\n\n<li>Coleguium Jardim Canad\u00e1.<\/li>\n\n\n\n<li>Coleguium Nova Su\u00ed\u00e7a.<\/li>\n\n\n\n<li>Coleguium Internacional Belvedere.<\/li>\n\n\n\n<li>Coleguium Internacional Buritis.<\/li>\n\n\n\n<li>Coleguium Internacional Caraj\u00e1s.<\/li>\n\n\n\n<li>Coleguium Internacional Cidade Nova.&nbsp;<\/li>\n\n\n\n<li>Coleguium Internacional Pampulha.<\/li>\n\n\n\n<li>Coleguium Manac\u00e1s.<\/li>\n<\/ul>\n\n\n<div class=\"wp-block-image\">\n<figure class=\"aligncenter size-full is-resized\"><img decoding=\"async\" width=\"1000\" height=\"667\" src=\"https:\/\/eyc7xs8f99a.exactdn.com\/blog\/wp-content\/uploads\/coleguium-internacional-buritis.jpg?strip=all&lossy=1&ssl=1\" alt=\"fachada do coleguium internacional buritis, em bh\" class=\"wp-image-4383\" style=\"aspect-ratio:1.4992503748125936;width:745px;height:auto\" srcset=\"https:\/\/eyc7xs8f99a.exactdn.com\/blog\/wp-content\/uploads\/coleguium-internacional-buritis.jpg?strip=all&amp;lossy=1&amp;ssl=1 1000w, https:\/\/eyc7xs8f99a.exactdn.com\/blog\/wp-content\/uploads\/coleguium-internacional-buritis-900x600.jpg?strip=all&amp;lossy=1&amp;ssl=1 900w, https:\/\/eyc7xs8f99a.exactdn.com\/blog\/wp-content\/uploads\/coleguium-internacional-buritis-768x512.jpg?strip=all&amp;lossy=1&amp;ssl=1 768w, https:\/\/eyc7xs8f99a.exactdn.com\/blog\/wp-content\/uploads\/coleguium-internacional-buritis.jpg?strip=all&amp;lossy=1&amp;w=200&amp;ssl=1 200w, https:\/\/eyc7xs8f99a.exactdn.com\/blog\/wp-content\/uploads\/coleguium-internacional-buritis.jpg?strip=all&amp;lossy=1&amp;w=400&amp;ssl=1 400w, https:\/\/eyc7xs8f99a.exactdn.com\/blog\/wp-content\/uploads\/coleguium-internacional-buritis.jpg?strip=all&amp;lossy=1&amp;w=600&amp;ssl=1 600w\" sizes=\"(max-width: 1000px) 100vw, 1000px\" \/><figcaption class=\"wp-element-caption\">Col\u00e9gio Internacional Buritis, primeira escola bil\u00edngue e integral da rede<\/figcaption><\/figure><\/div>\n\n\n<p>Nas escolas integrais, os alunos t\u00eam um curr\u00edculo de eletivas e atividades complementares no contraturno, incluindo oficinas, aulas de esporte e cultura, aulas de refor\u00e7o, e outras atividades pedag\u00f3gicas. O ensino integral est\u00e1 dispon\u00edvel para Ensino Infantil e primeiros anos do Ensino Fundamental.<\/p>\n\n\n\n<p>Outro detalhe bacana \u00e9 que, em todas as unidades, cada n\u00edvel de ensino t\u00eam projetos pedag\u00f3gicos espec\u00edficos.<\/p>\n\n\n\n<p>Na <strong>Educa\u00e7\u00e3o Infantil<\/strong>, a educa\u00e7\u00e3o \u00e9 l\u00fadica, com foco nas brincadeiras e na aprendizagem pr\u00e1tica. Os projetos pedag\u00f3gicos estimulam desenvolvimento emocional, social e cognitivo. A dire\u00e7\u00e3o destaca projetos de leitura e conta\u00e7\u00e3o de hist\u00f3rias.<\/p>\n\n\n<figure class=\"wp-block-embed-youtube wp-block-embed is-type-video is-provider-youtube wp-embed-aspect-16-9 wp-has-aspect-ratio\"><div class=\"lyte-wrapper\" style=\"width:640px;max-width:100%;margin:5px auto;\"><div class=\"lyMe\" id=\"WYL_EWZ_CepyAv4\"><div id=\"lyte_EWZ_CepyAv4\" data-src=\"\/\/i.ytimg.com\/vi\/EWZ_CepyAv4\/hqdefault.jpg\" class=\"pL\"><div class=\"tC\"><div class=\"tT\"><\/div><\/div><div class=\"play\"><\/div><div class=\"ctrl\"><div class=\"Lctrl\"><\/div><div class=\"Rctrl\"><\/div><\/div><\/div><noscript><a href=\"https:\/\/youtu.be\/EWZ_CepyAv4\" rel=\"nofollow noopener\" target=\"_blank\"><img decoding=\"async\" src=\"https:\/\/i.ytimg.com\/vi\/EWZ_CepyAv4\/0.jpg\" alt=\"YouTube video thumbnail\" width=\"640\" height=\"340\" \/><br \/>Assista a este v\u00eddeo no YouTube<\/a><\/noscript><\/div><\/div><div class=\"lL\" style=\"max-width:100%;width:640px;margin:5px auto;\"><\/div><figcaption><\/figcaption><\/figure>\n\n\n<p>Nos <strong>primeiros anos do Ensino Fundamental<\/strong>, os alunos aprendem a conectar os conte\u00fados das aulas com suas experi\u00eancias de vida, a fazer pesquisas, e a criar h\u00e1bitos de estudo. Desenvolvem maior autonomia, e fazem projetos pr\u00e1ticos em conjunto com professores e monitores. <\/p>\n\n\n\n<p>A partir da <strong>6\u00aa s\u00e9rie do Ensino Fundamental<\/strong>, os professores incentivam os alunos a refletirem sobre o conhecimento, e a buscarem mais informa\u00e7\u00e3o sobre as mat\u00e9rias. Os projetos pedag\u00f3gicos ajudam os alunos a questionar, se expressar, e colaborar em equipe.<\/p>\n\n\n<figure class=\"wp-block-embed-youtube wp-block-embed is-type-video is-provider-youtube wp-embed-aspect-16-9 wp-has-aspect-ratio\"><div class=\"lyte-wrapper\" style=\"width:640px;max-width:100%;margin:5px auto;\"><div class=\"lyMe\" id=\"WYL_jd9XOpLzmmg\"><div id=\"lyte_jd9XOpLzmmg\" data-src=\"\/\/i.ytimg.com\/vi\/jd9XOpLzmmg\/hqdefault.jpg\" class=\"pL\"><div class=\"tC\"><div class=\"tT\"><\/div><\/div><div class=\"play\"><\/div><div class=\"ctrl\"><div class=\"Lctrl\"><\/div><div class=\"Rctrl\"><\/div><\/div><\/div><noscript><a href=\"https:\/\/youtu.be\/jd9XOpLzmmg\" rel=\"nofollow noopener\" target=\"_blank\"><img decoding=\"async\" src=\"https:\/\/i.ytimg.com\/vi\/jd9XOpLzmmg\/0.jpg\" alt=\"YouTube video thumbnail\" width=\"640\" height=\"340\" \/><br \/>Assista a este v\u00eddeo no YouTube<\/a><\/noscript><\/div><\/div><div class=\"lL\" style=\"max-width:100%;width:640px;margin:5px auto;\"><\/div><figcaption><\/figcaption><\/figure>\n\n\n<p><br>O <strong>Ensino M\u00e9dio <\/strong>\u00e9 o momento de prepara\u00e7\u00e3o para o vestibular. \u00c9 um processo de sintetizar o conhecimento dos anos anteriores, e estudar temas mais complexos. Os projetos pedag\u00f3gicos incluem prepara\u00e7\u00e3o orienta\u00e7\u00e3o profissional e prepara\u00e7\u00e3o espec\u00edfica para o Enem.<\/p>\n\n\n\n<h3 class=\"wp-block-heading\"><span class=\"ez-toc-section\" id=\"ensino-de-ingles\"><\/span>Ensino de ingl\u00eas<span class=\"ez-toc-section-end\"><\/span><\/h3>\n\n\n\n<p>As aulas de ingl\u00eas fazem parte do cotidiano de todos os alunos do Coleguium. Em algumas escolas como parte da grade curricular, em outras por meio de projetos mais detalhados e imersivos. <\/p>\n\n\n\n<p>Algumas unidades do Coleguium s\u00e3o <strong>col\u00e9gios bil\u00edngues. <\/strong>Ou seja, os alunos t\u00eam contato com dois idiomas desde os primeiros anos de escola, e falam ingl\u00eas em todo momento, n\u00e3o apenas nas aulas espec\u00edficas do idioma.<\/p>\n\n\n\n<p>Os detalhes do ensino bil\u00edngue variam de acordo com a unidade.&nbsp;<\/p>\n\n\n\n<p>Por exemplo, no <a href=\"https:\/\/coleguium.com.br\/unidade\/coleguium-buritis-internacional\/\" target=\"_blank\" rel=\"noreferrer noopener nofollow\">Coleguium Internacional Buritis<\/a>, <strong>as aulas s\u00e3o 50% do tempo em ingl\u00eas, 50% em portugu\u00eas<\/strong>, em todas as disciplinas.&nbsp;&nbsp;<\/p>\n\n\n\n<p>Esta unidade tamb\u00e9m tem um <strong>um programa de High School<\/strong>, em que alunos aprendem as mat\u00e9rias do curr\u00edculo dos EUA, em aulas ministradas totalmente em ingl\u00eas, e com orienta\u00e7\u00e3o de professores nativos.<\/p>\n\n\n<div class=\"wp-block-image\">\n<figure class=\"aligncenter size-full is-resized\"><img decoding=\"async\" width=\"1000\" height=\"664\" src=\"https:\/\/eyc7xs8f99a.exactdn.com\/blog\/wp-content\/uploads\/high-school-coleguium.jpg?strip=all&lossy=1&ssl=1\" alt=\"alunos de turma high school do coleguium em bh\" class=\"wp-image-4384\" style=\"aspect-ratio:1.5060240963855422;width:584px;height:auto\" srcset=\"https:\/\/eyc7xs8f99a.exactdn.com\/blog\/wp-content\/uploads\/high-school-coleguium.jpg?strip=all&amp;lossy=1&amp;ssl=1 1000w, https:\/\/eyc7xs8f99a.exactdn.com\/blog\/wp-content\/uploads\/high-school-coleguium-900x598.jpg?strip=all&amp;lossy=1&amp;ssl=1 900w, https:\/\/eyc7xs8f99a.exactdn.com\/blog\/wp-content\/uploads\/high-school-coleguium-768x510.jpg?strip=all&amp;lossy=1&amp;ssl=1 768w, https:\/\/eyc7xs8f99a.exactdn.com\/blog\/wp-content\/uploads\/high-school-coleguium.jpg?strip=all&amp;lossy=1&amp;w=200&amp;ssl=1 200w, https:\/\/eyc7xs8f99a.exactdn.com\/blog\/wp-content\/uploads\/high-school-coleguium.jpg?strip=all&amp;lossy=1&amp;w=400&amp;ssl=1 400w, https:\/\/eyc7xs8f99a.exactdn.com\/blog\/wp-content\/uploads\/high-school-coleguium.jpg?strip=all&amp;lossy=1&amp;w=600&amp;ssl=1 600w\" sizes=\"(max-width: 1000px) 100vw, 1000px\" \/><\/figure><\/div>\n\n\n<p>Na <a href=\"https:\/\/coleguium.com.br\/unidade\/coleguium-internacional-pampulha-nucleo-da-crianca\/\" target=\"_blank\" rel=\"noreferrer noopener nofollow\">Unidade Pampulha<\/a>, que fica no bairro S\u00e3o Luiz, o projeto bil\u00edngue funciona assim:<\/p>\n\n\n\n<ul class=\"wp-block-list\">\n<li>Na Educa\u00e7\u00e3o Infantil, metade do turno \u00e9 em ingl\u00eas.<\/li>\n\n\n\n<li>Quando chegam ao Ensino Fundamental, os alunos t\u00eam 10 horas-aulas de ingl\u00eas por semana.<\/li>\n\n\n\n<li>A partir da 2\u00aa s\u00e9rie tem aulas de ingl\u00eas todos os dias.<\/li>\n\n\n\n<li>A partir do 4\u00ba ano os alunos participam de provas internacionais de profici\u00eancia.<\/li>\n\n\n\n<li>As aulas de ingl\u00eas n\u00e3o s\u00e3o \u201cisoladas\u201d das demais mat\u00e9rias, elas se relacionam com a grade curricular geral do col\u00e9gio.&nbsp;<\/li>\n<\/ul>\n\n\n<figure class=\"wp-block-embed-youtube wp-block-embed is-type-video is-provider-youtube wp-embed-aspect-16-9 wp-has-aspect-ratio\"><div class=\"lyte-wrapper\" style=\"width:640px;max-width:100%;margin:5px auto;\"><div class=\"lyMe\" id=\"WYL_kjL3ujxD4hA\"><div id=\"lyte_kjL3ujxD4hA\" data-src=\"\/\/i.ytimg.com\/vi\/kjL3ujxD4hA\/hqdefault.jpg\" class=\"pL\"><div class=\"tC\"><div class=\"tT\"><\/div><\/div><div class=\"play\"><\/div><div class=\"ctrl\"><div class=\"Lctrl\"><\/div><div class=\"Rctrl\"><\/div><\/div><\/div><noscript><a href=\"https:\/\/youtu.be\/kjL3ujxD4hA\" rel=\"nofollow noopener\" target=\"_blank\"><img decoding=\"async\" src=\"https:\/\/i.ytimg.com\/vi\/kjL3ujxD4hA\/0.jpg\" alt=\"YouTube video thumbnail\" width=\"640\" height=\"340\" \/><br \/>Assista a este v\u00eddeo no YouTube<\/a><\/noscript><\/div><\/div><div class=\"lL\" style=\"max-width:100%;width:640px;margin:5px auto;\"><\/div><figcaption><\/figcaption><\/figure>\n\n\n<p>Para quem n\u00e3o estuda nestas unidades, o Coleguium adota um programa chamado <strong>English for Life. <\/strong>S\u00e3o aulas de ingl\u00eas todos os dias da semana, em carga hor\u00e1ria maior do que o comum, e com material did\u00e1tico especial.<\/p>\n\n\n\n<p>Al\u00e9m de ensinar o idioma, o Coleguium tamb\u00e9m tem um programa bil\u00edngue chamado Academic Experience, <strong>para quem quer estudar no exterior.&nbsp;<\/strong>S\u00e3o aulas eletivas com base nos interesses de cada aluno, conduzidas totalmente em ingl\u00eas, 6 vezes por semana.&nbsp;<\/p>\n\n\n\n<h3 class=\"wp-block-heading\"><span class=\"ez-toc-section\" id=\"atividades-complementares\"><\/span>Atividades complementares<span class=\"ez-toc-section-end\"><\/span><\/h3>\n\n\n\n<p>Al\u00e9m das aulas tradicionais e de projetos de L\u00edngua inglesa, o Coleguium tem outras atividades complementares ou extraclasses.<\/p>\n\n\n\n<p>\ud83d\udc47 A dire\u00e7\u00e3o aponta estes como os principais diferenciais:<\/p>\n\n\n\n<ul class=\"wp-block-list\">\n<li><strong>Laborat\u00f3rio de Intelig\u00eancia de Vida: <\/strong>s\u00e3o aulas para integrar fam\u00edlia e escola e promover o desenvolvimento socioemocional dos estudantes. O curr\u00edculo \u00e9 adaptado para cada idade.<\/li>\n\n\n\n<li><strong>Tecnologias e Experi\u00eancias Criativas: <\/strong>atividades multidisciplinares sobre tecnologia. Tem eixos de Biotecnologia, Cidadania, Identidade Digital, Eletr\u00f4nica e Programa\u00e7\u00e3o. Estimulam racioc\u00ednio l\u00f3gico por meio de projetos pr\u00e1ticos.&nbsp;<\/li>\n\n\n\n<li><strong>Ecossistema de Aprendizagem Inovador: <\/strong>\u00e9 um conjunto de disciplinas e atividades que favorecem autonomia, criatividade, habilidades socioemocionais, resolu\u00e7\u00e3o de problemas, colabora\u00e7\u00e3o, autoconfian\u00e7a e pensamento cr\u00edtico.&nbsp;<\/li>\n\n\n\n<li><strong>Disciplinas eletivas: <\/strong>aulas opcionais e remotas, para complementar o conte\u00fado padr\u00e3o de cada s\u00e9rie. Alguns exemplos s\u00e3o f\u00edsica moderna, aprofundamento da geometria, escrita para quest\u00f5es dissertativas, e m\u00e9todos cient\u00edficos.&nbsp;<\/li>\n\n\n\n<li><strong>Aulas de m\u00fasica: <\/strong>Aulas semanais de m\u00fasica, do 5\u00ba ano do Ensino Fundamental at\u00e9 o 3\u00ba ano do Ensino M\u00e9dio.&nbsp;<\/li>\n<\/ul>\n\n\n<div class=\"wp-block-image\">\n<figure class=\"aligncenter size-full is-resized\"><img decoding=\"async\" width=\"894\" height=\"596\" src=\"https:\/\/eyc7xs8f99a.exactdn.com\/blog\/wp-content\/uploads\/aula-eletiva-de-robotica-no-coleguium.jpg?strip=all&lossy=1&ssl=1\" alt=\"alunos montando prot\u00f3tipo de rob\u00f4 em aula eletiva no coleguium em bh\" class=\"wp-image-4386\" style=\"aspect-ratio:1.5;width:714px;height:auto\" srcset=\"https:\/\/eyc7xs8f99a.exactdn.com\/blog\/wp-content\/uploads\/aula-eletiva-de-robotica-no-coleguium.jpg?strip=all&amp;lossy=1&amp;ssl=1 894w, https:\/\/eyc7xs8f99a.exactdn.com\/blog\/wp-content\/uploads\/aula-eletiva-de-robotica-no-coleguium-768x512.jpg?strip=all&amp;lossy=1&amp;ssl=1 768w, https:\/\/eyc7xs8f99a.exactdn.com\/blog\/wp-content\/uploads\/aula-eletiva-de-robotica-no-coleguium.jpg?strip=all&amp;lossy=1&amp;w=178&amp;ssl=1 178w, https:\/\/eyc7xs8f99a.exactdn.com\/blog\/wp-content\/uploads\/aula-eletiva-de-robotica-no-coleguium.jpg?strip=all&amp;lossy=1&amp;w=357&amp;ssl=1 357w, https:\/\/eyc7xs8f99a.exactdn.com\/blog\/wp-content\/uploads\/aula-eletiva-de-robotica-no-coleguium.jpg?strip=all&amp;lossy=1&amp;w=536&amp;ssl=1 536w, https:\/\/eyc7xs8f99a.exactdn.com\/blog\/wp-content\/uploads\/aula-eletiva-de-robotica-no-coleguium.jpg?strip=all&amp;lossy=1&amp;w=715&amp;ssl=1 715w\" sizes=\"(max-width: 894px) 100vw, 894px\" \/><\/figure><\/div>\n\n\n<p>A rede de ensino Coleguium tamb\u00e9m tem um <strong>Centro de Extens\u00e3o<\/strong> para atividades esportivas. As modalidades s\u00e3o futsal, jud\u00f4, gin\u00e1stica r\u00edtmica e dan\u00e7a (jazz, ballet, e dan\u00e7as contempor\u00e2neas).<\/p>\n\n\n\n<p>Tamb\u00e9m tem alguns projetos exclusivos para o Ensino Infantil: a\u00e7\u00f5es de alfabetiza\u00e7\u00e3o e leitura, e um <strong>Programa de Educa\u00e7\u00e3o Nutricional<\/strong>, com aulas de culin\u00e1ria infantil. <\/p>\n\n\n<div class=\"wp-block-image\">\n<figure class=\"aligncenter size-full is-resized\"><img decoding=\"async\" width=\"1000\" height=\"563\" src=\"https:\/\/eyc7xs8f99a.exactdn.com\/blog\/wp-content\/uploads\/pen-no-coleguium.jpg?strip=all&lossy=1&ssl=1\" alt=\"alunos em aula do pen no coleguium bh\" class=\"wp-image-4387\" style=\"aspect-ratio:1.7761989342806395;width:758px;height:auto\" srcset=\"https:\/\/eyc7xs8f99a.exactdn.com\/blog\/wp-content\/uploads\/pen-no-coleguium.jpg?strip=all&amp;lossy=1&amp;ssl=1 1000w, https:\/\/eyc7xs8f99a.exactdn.com\/blog\/wp-content\/uploads\/pen-no-coleguium-900x507.jpg?strip=all&amp;lossy=1&amp;ssl=1 900w, https:\/\/eyc7xs8f99a.exactdn.com\/blog\/wp-content\/uploads\/pen-no-coleguium-768x432.jpg?strip=all&amp;lossy=1&amp;ssl=1 768w, https:\/\/eyc7xs8f99a.exactdn.com\/blog\/wp-content\/uploads\/pen-no-coleguium.jpg?strip=all&amp;lossy=1&amp;w=200&amp;ssl=1 200w, https:\/\/eyc7xs8f99a.exactdn.com\/blog\/wp-content\/uploads\/pen-no-coleguium.jpg?strip=all&amp;lossy=1&amp;w=400&amp;ssl=1 400w, https:\/\/eyc7xs8f99a.exactdn.com\/blog\/wp-content\/uploads\/pen-no-coleguium.jpg?strip=all&amp;lossy=1&amp;w=600&amp;ssl=1 600w\" sizes=\"(max-width: 1000px) 100vw, 1000px\" \/><\/figure><\/div>\n\n\n<h3 class=\"wp-block-heading\"><span class=\"ez-toc-section\" id=\"historia\"><\/span>Hist\u00f3ria<span class=\"ez-toc-section-end\"><\/span><\/h3>\n\n\n\n<p>A hist\u00f3ria do Coleguium \u00e9 muito rica, principalmente em Belo Horizonte. A escola nasceu como uma col\u00f4nia de f\u00e9rias, em 1987. Com o passar dos anos, transformou-se em uma das principais redes de ensino do estado de MG.<\/p>\n\n\n\n<p>Os principais pontos de destaque da hist\u00f3ria do Coleguium s\u00e3o:<\/p>\n\n\n\n<ul class=\"wp-block-list\">\n<li>Em 1992 a escola mudou de nome para Coleguium, e inaugurou sua primeira turma de Ensino Fundamental. Dois anos depois, passou a ter turmas de Ensino M\u00e9dio tamb\u00e9m.<\/li>\n\n\n\n<li>Em 2003 o Coleguium se tornou oficialmente uma rede de ensino em Minas Gerais.<\/li>\n\n\n\n<li>Em 2013 o col\u00e9gio foi adquirido pelo Grupo Eleva.&nbsp;<\/li>\n\n\n\n<li>Em 2017 inaugurou seu primeiro col\u00e9gio bil\u00edngue, o Internacional Buritis.<\/li>\n\n\n\n<li>Em 2020 inaugurou a primeira escola fora de MG, em Parauapebas, no Par\u00e1.<\/li>\n<\/ul>\n\n\n\n<h3 class=\"wp-block-heading\"><span class=\"ez-toc-section\" id=\"quem-comprou-o-coleguium\"><\/span>Quem comprou o Coleguium?<span class=\"ez-toc-section-end\"><\/span><\/h3>\n\n\n\n<p>O Grupo Eleva, que adquiriu a rede Coleguium, \u00e9 um dos maiores grupos educacionais do Brasil. Eles s\u00e3o donos de v\u00e1rias escolas ao redor do Brasil, mas cada uma opera de forma independente.<\/p>\n\n\n\n<p>Ou seja: <strong>as escolas fazem parte do mesmo grupo, mas n\u00e3o s\u00e3o iguais. <\/strong>Cada uma tem m\u00e9todos, infraestrutura, e dire\u00e7\u00f5es diferentes.<\/p>\n\n\n\n<p>As primeiras escolas a fazerem parte do grupo foram o Elite e o Pensi, do Rio de Janeiro. Logo depois vieram o Coleguium, e o Alfa, do Paran\u00e1.<\/p>\n\n\n\n<h2 class=\"wp-block-heading\"><span class=\"ez-toc-section\" id=\"como-e-a-estrutura-do-coleguium\"><\/span>Como \u00e9 a estrutura do Coleguium?<span class=\"ez-toc-section-end\"><\/span><\/h2>\n\n\n\n<p>Os espa\u00e7os f\u00edsicos variam em cada unidade. Mas, em geral, as escolas da rede Coleguium t\u00eam:<\/p>\n\n\n\n<ul class=\"wp-block-list\">\n<li>\u00c1rea verde.<\/li>\n\n\n\n<li>Banheiro infantil.<\/li>\n\n\n\n<li>Biblioteca.<\/li>\n\n\n\n<li>Parque.<\/li>\n\n\n\n<li>P\u00e1tio coberto e descoberto.<\/li>\n\n\n\n<li>Quadra coberta.<\/li>\n\n\n\n<li>Sala de esportes.<\/li>\n\n\n\n<li>Sala de leitura.<\/li>\n\n\n\n<li>Laborat\u00f3rio de rob\u00f3tica\/maker.<\/li>\n\n\n\n<li>Refeit\u00f3rio.<\/li>\n\n\n\n<li>Laborat\u00f3rio de ci\u00eancias.<\/li>\n<\/ul>\n\n\n\n<p>\ud83d\udc47 A playlist abaixo tem o <strong>tour virtual<\/strong> de cada unidade.&nbsp;<\/p>\n\n\n<figure class=\"wp-block-embed-youtube wp-block-embed is-type-video is-provider-youtube wp-embed-aspect-16-9 wp-has-aspect-ratio\"><div class=\"lyte-wrapper\" style=\"width:640px;max-width:100%;margin:5px auto;\"><div class=\"lyMe\" id=\"WYL_Uiio-ugALos\"><div id=\"lyte_Uiio-ugALos\" data-src=\"\/\/i.ytimg.com\/vi\/Uiio-ugALos\/hqdefault.jpg\" class=\"pL\"><div class=\"tC\"><div class=\"tT\"><\/div><\/div><div class=\"play\"><\/div><div class=\"ctrl\"><div class=\"Lctrl\"><\/div><div class=\"Rctrl\"><\/div><\/div><\/div><noscript><a href=\"https:\/\/youtu.be\/Uiio-ugALos\" rel=\"nofollow noopener\" target=\"_blank\"><img decoding=\"async\" src=\"https:\/\/i.ytimg.com\/vi\/Uiio-ugALos\/0.jpg\" alt=\"YouTube video thumbnail\" width=\"640\" height=\"340\" \/><br \/>Assista a este v\u00eddeo no YouTube<\/a><\/noscript><\/div><\/div><div class=\"lL\" style=\"max-width:100%;width:640px;margin:5px auto;\"><\/div><figcaption><\/figcaption><\/figure>\n\n\n<h2 class=\"wp-block-heading\"><span class=\"ez-toc-section\" id=\"quanto-custa-a-mensalidade-do-coleguium\"><\/span>Quanto custa a mensalidade do Coleguium?<span class=\"ez-toc-section-end\"><\/span><\/h2>\n\n\n\n<p>Infelizmente o Coleguium n\u00e3o divulga valores atualizados de mensalidade. \ud83d\ude2a A dire\u00e7\u00e3o passa o valor para os pais do <a href=\"https:\/\/atlasedu.com.br\/sismat\/modules\/campaigns\/dUJ1SExkQVZUNk01TlNrUnQwMnc5cXNOSXpWbEg0a3NydGZZWUpVUEVtejFFbDBS\/register\" target=\"_blank\" rel=\"noreferrer noopener nofollow\">in\u00edcio do processo de matr\u00edcula<\/a>.<\/p>\n\n\n\n<p><strong>Os valores exatos dependem de s\u00e9rie e unidade. <\/strong>Por exemplo, as escolas internacionais s\u00e3o mais caras.<\/p>\n\n\n\n<p>Al\u00e9m da mensalidade, os pais tamb\u00e9m t\u00eam custos com material did\u00e1tico e uniformes. <\/p>\n\n\n\n<p>\ud83d\udc47 Se voc\u00ea tem informa\u00e7\u00f5es atualizadas sobre as mensalidades, comente aqui embaixo! Essa informa\u00e7\u00e3o ajuda demais pais e m\u00e3es que est\u00e3o procurando uma nova escola para seus filhos.<\/p>\n\n\n\n<h2 class=\"wp-block-heading\"><span class=\"ez-toc-section\" id=\"como-e-o-processo-seletivo-de-bolsas-de-estudos-do-coleguium\"><\/span>Como \u00e9 o processo seletivo de bolsas de estudos do Coleguium?<span class=\"ez-toc-section-end\"><\/span><\/h2>\n\n\n\n<p>Todos os anos o col\u00e9gio tem um concurso de bolsas. \u00c9 uma prova escrita, e o resultado define quem ganha bolsa e qual o valor. <\/p>\n\n\n\n<p>Em resumo, o processo seletivo funciona assim: <\/p>\n\n\n\n<ul class=\"wp-block-list\">\n<li>Cada aluno tem apenas uma tentativa.<\/li>\n\n\n\n<li>Alunos que j\u00e1 est\u00e3o matriculados no Coleguium n\u00e3o podem participar.&nbsp;<\/li>\n\n\n\n<li>A partir do 2\u00ba ano do Fundamental, <strong>candidatos fazem uma prova de Portugu\u00eas e Matem\u00e1tica.<\/strong><\/li>\n\n\n\n<li>O resultado do processo \u00e9 definido pela nota da prova, disponibilidade de bolsas, e vagas na turma pretendida.<\/li>\n\n\n\n<li><strong>O valor m\u00e1ximo da bolsa \u00e9 70%.&nbsp;<\/strong><\/li>\n\n\n\n<li>O processo seletivo garante bolsa apenas para o primeiro ano do aluno na escola. A manuten\u00e7\u00e3o da bolsa nos anos seguintes depende do rendimento escolar, e da disponibilidade de vagas.<\/li>\n\n\n\n<li>Bolsistas podem mudar de unidade ao longo da vida escolar. Basta solicitar \u00e0 dire\u00e7\u00e3o.&nbsp;<\/li>\n<\/ul>\n\n\n\n<p>Se voc\u00ea quer participar do processo seletivo, <a href=\"https:\/\/coleguium.com.br\/novosalunos2024\/assets\/edital\/processo-de-admissao-de-novos-alunos-programa-de-bolsas-2024.pdf\" target=\"_blank\" rel=\"noreferrer noopener nofollow\"><strong>clique aqui para ler o edital completo<\/strong><\/a><strong>. <\/strong>Este documento tem todas as regras e condi\u00e7\u00f5es, e a lista de conte\u00fados que caem na prova.&nbsp;<\/p>\n\n\n\n<h2 class=\"wp-block-heading\"><span class=\"ez-toc-section\" id=\"quais-sao-as-avaliacoes-do-coleguium\"><\/span>Quais s\u00e3o as avalia\u00e7\u00f5es do Coleguium?<span class=\"ez-toc-section-end\"><\/span><\/h2>\n\n\n\n<p><strong>Pais e ex-alunos costumam gostar do m\u00e9todo de ensino.<\/strong> Mas, as percep\u00e7\u00f5es gerais variam de acordo com a unidade.&nbsp;<\/p>\n\n\n\n<p>Por exemplo, h\u00e1 diversas avalia\u00e7\u00f5es detalhadas e positivas sobre o Coleguium Internacional Pampulha. Veja algumas:<\/p>\n\n\n\n<blockquote class=\"wp-block-quote is-layout-flow wp-block-quote-is-layout-flow\">\n<p>Vim de SP \u00e0 procura de um col\u00e9gio acolhedor, que se preocupasse de verdade com o bem-estar e aprendizado do meu filho. Encontrei muito mais do que isso! Estou muito satisfeita.<\/p>\n<\/blockquote>\n\n\n\n<blockquote class=\"wp-block-quote is-layout-flow wp-block-quote-is-layout-flow\">\n<p>Tanto meu filho quanto eu nos sentimos acolhidos por voc\u00eas. Muito obrigada!<\/p>\n<\/blockquote>\n\n\n\n<blockquote class=\"wp-block-quote is-layout-flow wp-block-quote-is-layout-flow\">\n<p>Os professores e funcion\u00e1rios exercem um trabalho sensacional e maravilhoso com as crian\u00e7as. Minha filha fica no ber\u00e7\u00e1rio e \u00e9 muito bem cuidada. Eles fazem trabalhos pedag\u00f3gicos com os beb\u00eas. Hoje ela \u00e9 super desenvolvida para a idade dela, gra\u00e7as ao trabalho das meninas.<\/p>\n<\/blockquote>\n\n\n\n<p>J\u00e1 na unidade Santa Am\u00e9lia, a maioria das avalia\u00e7\u00f5es \u00e9 negativa. As principais cr\u00edticas s\u00e3o a infraestrutura f\u00edsica e os profissionais:<\/p>\n\n\n\n<blockquote class=\"wp-block-quote is-layout-flow wp-block-quote-is-layout-flow\">\n<p>Escola com infraestrutura bem mediana levando em considera\u00e7\u00e3o o pre\u00e7o cobrado. Dizem que as salas s\u00e3o climatizadas, mas o ar condicionado funciona quando quer.&nbsp;<\/p>\n<\/blockquote>\n\n\n\n<blockquote class=\"wp-block-quote is-layout-flow wp-block-quote-is-layout-flow\">\n<p>Profissionais frios e sem simpatia com a educa\u00e7\u00e3o infantil! Infraestrutura p\u00e9ssima para as crian\u00e7as.<\/p>\n<\/blockquote>\n\n\n\n<blockquote class=\"wp-block-quote is-layout-flow wp-block-quote-is-layout-flow\">\n<p>\u00d3timo ensino, s\u00f3 est\u00e1 precisando de uma reforma no pr\u00e9dio, est\u00e1 com uma p\u00e9ssima apar\u00eancia.<\/p>\n<\/blockquote>\n\n\n\n<p>Tamb\u00e9m vale a pena observar os <strong><a href=\"https:\/\/twitter.com\/search?q=coleguium&amp;src=typed_query\" rel=\"nofollow noopener\" target=\"_blank\">coment\u00e1rios de alunos no X (Twitter)<\/a>. <\/strong>O Coleguium tem uma comunidade engajada de alunos por l\u00e1. Infelizmente, n\u00e3o d\u00e1 para ter muitos detalhes sobre as hist\u00f3rias, j\u00e1 que nem sempre tem informa\u00e7\u00f5es sobre a unidade e s\u00e9rie que a pessoa estuda.&nbsp;<\/p>\n\n\n\n<p>Ainda assim, tem algumas discuss\u00f5es interessantes por l\u00e1. Uma das mais recentes foram as <strong>notas das reda\u00e7\u00f5es dos alunos no Enem<\/strong>, em 2023.&nbsp;<\/p>\n\n\n\n<figure class=\"wp-block-embed aligncenter is-type-rich is-provider-twitter wp-block-embed-twitter\"><div class=\"wp-block-embed__wrapper\">\n<blockquote class=\"twitter-tweet\" data-width=\"550\" data-dnt=\"true\"><p lang=\"pt\" dir=\"ltr\">oh cella falando nisso eu adoraria q um dia vc me ensinasse o tipo de reda\u00e7\u00e3o q vcs aprendem no coleguium, pq nossa fui xeretar o insta deles e meu deus s\u00f3 notao como faz pra ser assim<\/p>&mdash; mimi (@smimiis) <a href=\"https:\/\/twitter.com\/smimiis\/status\/1749498712911434191?ref_src=twsrc%5Etfw\" rel=\"nofollow noopener\" target=\"_blank\">January 22, 2024<\/a><\/blockquote><script async src=\"https:\/\/platform.twitter.com\/widgets.js\" charset=\"utf-8\"><\/script>\n<\/div><\/figure>\n\n\n\n<p>O tweet se refere aos <a href=\"https:\/\/www.instagram.com\/p\/C2SvCngLY2a\/\" target=\"_blank\" rel=\"noreferrer noopener nofollow\">posts do Instagram do Coleguium<\/a>, exaltando os resultados dos alunos.&nbsp;Normalmente s\u00e3o os pais que prestam aten\u00e7\u00e3o nessas coisas, mas dessa vez chamou at\u00e9 a aten\u00e7\u00e3o de quem estuda em outras escolas. \ud83d\ude01<\/p>\n\n\n\n<p>De forma geral, <strong>as avalia\u00e7\u00f5es sobre o Coleguium s\u00e3o positivas<\/strong>, mas precisa avaliar cada unidade antes de fazer a matr\u00edcula.&nbsp;<\/p>\n\n\n\n<p>\ud83d\udd0e Se quiser saber detalhes sobre uma unidade em espec\u00edfico, recomendamos fazer o seguinte:<\/p>\n\n\n\n<ul class=\"wp-block-list\">\n<li><a href=\"https:\/\/coleguium.com.br\/estude-no-coleguium\/unidades\/\" target=\"_blank\" rel=\"noreferrer noopener nofollow\">Acessar a lista de escolas<\/a> e ver quais ficam perto de onde voc\u00ea mora.&nbsp;<\/li>\n\n\n\n<li>Procurar coment\u00e1rios espec\u00edficos sobre elas no Google. Digite o nome da unidade(por exemplo, \u201cColeguium Internacional Belvedere&#8221;), que j\u00e1 aparece.<\/li>\n<\/ul>\n\n\n\n<p>Se voc\u00ea pesquisar de forma mais geral, em Instagram ou Facebook, aparecem s\u00f3 informa\u00e7\u00f5es sobre a rede como um todo.&nbsp;<\/p>\n\n\n\n<p>Fazer isso ajuda a entender detalhes como qualidade dos profissionais, ou cuidado com espa\u00e7os f\u00edsicos. Tamb\u00e9m ajuda a descobrir situa\u00e7\u00f5es espec\u00edficas, <a href=\"https:\/\/www.otempo.com.br\/cidades\/monitor-de-colegio-particular-de-bh-e-preso-por-abusos-cometidos-contra-alunos-1.2748428\" target=\"_blank\" rel=\"noreferrer noopener nofollow\">como esta den\u00fancia de 2023<\/a>, envolvendo o Coleguium Nova Su\u00ed\u00e7a.<\/p>\n\n\n\n<p>Esperamos que tenham gostado do guia! Se ainda tiver alguma d\u00favida, comente aqui embaixo. E, se j\u00e1 estuda no Coleguium, compartilhe a sua experi\u00eancia com a gente!&nbsp;<\/p>\n","protected":false},"excerpt":{"rendered":"<p>O Coleguium \u00e9 uma rede de ensino com 37 anos de hist\u00f3ria, com escolas em Belo Horizonte, interior de Minas Gerais, e no Par\u00e1. Todas as unidades seguem uma linha&#8230;<\/p>\n","protected":false},"author":1,"featured_media":4392,"comment_status":"open","ping_status":"closed","sticky":false,"template":"","format":"standard","meta":{"footnotes":""},"categories":[42],"tags":[39,48,36],"class_list":["post-4380","post","type-post","status-publish","format-standard","has-post-thumbnail","hentry","category-educacao","tag-adolescentes","tag-colegio","tag-criancas-de-5-a-10-anos"],"featured_image_src":"https:\/\/eyc7xs8f99a.exactdn.com\/blog\/wp-content\/uploads\/coleguium-jardim-canada.jpg?strip=all&lossy=1&ssl=1","author_info":{"display_name":"Cayo Medeiros","author_link":"https:\/\/otomodospais.com.br\/blog\/autor\/yogodoshi\/"},"_links":{"self":[{"href":"https:\/\/otomodospais.com.br\/blog\/wp-json\/wp\/v2\/posts\/4380","targetHints":{"allow":["GET"]}}],"collection":[{"href":"https:\/\/otomodospais.com.br\/blog\/wp-json\/wp\/v2\/posts"}],"about":[{"href":"https:\/\/otomodospais.com.br\/blog\/wp-json\/wp\/v2\/types\/post"}],"author":[{"embeddable":true,"href":"https:\/\/otomodospais.com.br\/blog\/wp-json\/wp\/v2\/users\/1"}],"replies":[{"embeddable":true,"href":"https:\/\/otomodospais.com.br\/blog\/wp-json\/wp\/v2\/comments?post=4380"}],"version-history":[{"count":6,"href":"https:\/\/otomodospais.com.br\/blog\/wp-json\/wp\/v2\/posts\/4380\/revisions"}],"predecessor-version":[{"id":5319,"href":"https:\/\/otomodospais.com.br\/blog\/wp-json\/wp\/v2\/posts\/4380\/revisions\/5319"}],"wp:featuredmedia":[{"embeddable":true,"href":"https:\/\/otomodospais.com.br\/blog\/wp-json\/wp\/v2\/media\/4392"}],"wp:attachment":[{"href":"https:\/\/otomodospais.com.br\/blog\/wp-json\/wp\/v2\/media?parent=4380"}],"wp:term":[{"taxonomy":"category","embeddable":true,"href":"https:\/\/otomodospais.com.br\/blog\/wp-json\/wp\/v2\/categories?post=4380"},{"taxonomy":"post_tag","embeddable":true,"href":"https:\/\/otomodospais.com.br\/blog\/wp-json\/wp\/v2\/tags?post=4380"}],"curies":[{"name":"wp","href":"https:\/\/api.w.org\/{rel}","templated":true}]}}