{"id":852,"date":"2021-07-21T10:20:00","date_gmt":"2021-07-21T13:20:00","guid":{"rendered":"https:\/\/otomodospais.com.br\/blog\/?p=852"},"modified":"2024-08-04T17:13:21","modified_gmt":"2024-08-04T20:13:21","slug":"melhores-livros-criancas-10-anos","status":"publish","type":"post","link":"https:\/\/otomodospais.com.br\/blog\/melhores-livros-criancas-10-anos\/","title":{"rendered":"Os 28 melhores livros para crian\u00e7as de 10 anos"},"content":{"rendered":"\n<p>Ler aumenta o foco, estimula o senso cr\u00edtico e permite viajar para mundos distantes e m\u00e1gicos, apenas com o virar de algumas p\u00e1ginas. \ud83e\uddd9\u200d\u2640\ufe0f<\/p>\n\n\n\n<p>O Tomo dos Pais preparou uma <strong>sele\u00e7\u00e3o dos melhores livros para crian\u00e7as de 10 anos<\/strong>, para ajudar quem est\u00e1 indeciso na hora da indica\u00e7\u00e3o de leitura.<\/p>\n\n\n\n<p><strong>Selecionamos apenas 28 livros dentre milhares<\/strong>, para criar esta<strong> <\/strong>lista com indica\u00e7\u00f5es que agradar\u00e3o os mais diversos tipos de interesse. Por isso, se voc\u00ea \u00e9 pai ou m\u00e3e, ou quer comprar um livro especial para presentear as crian\u00e7as<strong>,<\/strong> esta lista certamente vai te ajudar!<\/p>\n\n\n\n<p>Estaremos de olho nos novos lan\u00e7amentos e <strong>manteremos esta lista sempre atualizada<\/strong> com livros de temas, formatos e tamanhos diferentes.<\/p>\n\n\n\n<p>Mas como &#8220;melhor livro&#8221; \u00e9 algo relativo, pois varia de crian\u00e7a pra crian\u00e7a, primeiro vamos lhe ajudar a escolher o melhor livro pro seu filho, neto, sobrinho, afilhado, etc.<\/p>\n\n\n\n<p>Ah, mas <strong>se o seu filho ainda n\u00e3o gosta de ler<\/strong>, recomendo que antes leia essas <a href=\"https:\/\/otomodospais.com.br\/blog\/como-fazer-filho-gostar-ler-crianca-adolescente\/\" target=\"_blank\" rel=\"noreferrer noopener\">dicas de como fazer a crian\u00e7a ou adolescente aprender a gostar de ler<\/a>. \ud83d\ude09<\/p>\n\n\n\n<div id=\"ez-toc-container\" class=\"ez-toc-v2_0_76 counter-hierarchy ez-toc-counter ez-toc-custom ez-toc-container-direction\">\n<div class=\"ez-toc-title-container\"><p class=\"ez-toc-title\" style=\"cursor:inherit\">\u00cdndice do post<\/p>\n<\/div><nav><ul class='ez-toc-list ez-toc-list-level-1 ' ><li class='ez-toc-page-1 ez-toc-heading-level-2'><a class=\"ez-toc-link ez-toc-heading-1\" href=\"https:\/\/otomodospais.com.br\/blog\/melhores-livros-criancas-10-anos\/#como-escolher-um-livro-para-criancas-de-10-anos\">Como escolher um livro para crian\u00e7as de 10 anos<\/a><\/li><li class='ez-toc-page-1 ez-toc-heading-level-2'><a class=\"ez-toc-link ez-toc-heading-2\" href=\"https:\/\/otomodospais.com.br\/blog\/melhores-livros-criancas-10-anos\/#os-melhores-livros-para-criancas-de-10-anos\">Os melhores livros para crian\u00e7as de 10 anos<\/a><ul class='ez-toc-list-level-3' ><li class='ez-toc-heading-level-3'><a class=\"ez-toc-link ez-toc-heading-3\" href=\"https:\/\/otomodospais.com.br\/blog\/melhores-livros-criancas-10-anos\/#a-volta-ao-mundo-em-80-dias\">A volta ao mundo em 80 dias<\/a><\/li><li class='ez-toc-page-1 ez-toc-heading-level-3'><a class=\"ez-toc-link ez-toc-heading-4\" href=\"https:\/\/otomodospais.com.br\/blog\/melhores-livros-criancas-10-anos\/#um-cometa-na-terra-dos-moomins\">Um Cometa na terra dos Moomins<\/a><\/li><li class='ez-toc-page-1 ez-toc-heading-level-3'><a class=\"ez-toc-link ez-toc-heading-5\" href=\"https:\/\/otomodospais.com.br\/blog\/melhores-livros-criancas-10-anos\/#um-lencol-de-infinitos-fios\">Um len\u00e7ol de infinitos fios<\/a><\/li><li class='ez-toc-page-1 ez-toc-heading-level-3'><a class=\"ez-toc-link ez-toc-heading-6\" href=\"https:\/\/otomodospais.com.br\/blog\/melhores-livros-criancas-10-anos\/#migrando\">Migrando<\/a><\/li><li class='ez-toc-page-1 ez-toc-heading-level-3'><a class=\"ez-toc-link ez-toc-heading-7\" href=\"https:\/\/otomodospais.com.br\/blog\/melhores-livros-criancas-10-anos\/#os-caras-malvados\">Os caras malvados<\/a><\/li><li class='ez-toc-page-1 ez-toc-heading-level-3'><a class=\"ez-toc-link ez-toc-heading-8\" href=\"https:\/\/otomodospais.com.br\/blog\/melhores-livros-criancas-10-anos\/#as-aventuras-do-capitao-cueca\">As aventuras do Capit\u00e3o Cueca<\/a><\/li><li class='ez-toc-page-1 ez-toc-heading-level-3'><a class=\"ez-toc-link ez-toc-heading-9\" href=\"https:\/\/otomodospais.com.br\/blog\/melhores-livros-criancas-10-anos\/#momo-e-o-senhor-do-tempo\">Momo e o Senhor do Tempo<\/a><\/li><li class='ez-toc-page-1 ez-toc-heading-level-3'><a class=\"ez-toc-link ez-toc-heading-10\" href=\"https:\/\/otomodospais.com.br\/blog\/melhores-livros-criancas-10-anos\/#na-floresta\">Na Floresta<\/a><\/li><li class='ez-toc-page-1 ez-toc-heading-level-3'><a class=\"ez-toc-link ez-toc-heading-11\" href=\"https:\/\/otomodospais.com.br\/blog\/melhores-livros-criancas-10-anos\/#konrad-o-menino-da-lata\">Konrad, o menino da lata<\/a><\/li><li class='ez-toc-page-1 ez-toc-heading-level-3'><a class=\"ez-toc-link ez-toc-heading-12\" href=\"https:\/\/otomodospais.com.br\/blog\/melhores-livros-criancas-10-anos\/#quando-a-primavera-chegar\">Quando a primavera chegar<\/a><\/li><li class='ez-toc-page-1 ez-toc-heading-level-3'><a class=\"ez-toc-link ez-toc-heading-13\" href=\"https:\/\/otomodospais.com.br\/blog\/melhores-livros-criancas-10-anos\/#o-misterio-do-hotel\">O mist\u00e9rio do Hotel<\/a><\/li><li class='ez-toc-page-1 ez-toc-heading-level-3'><a class=\"ez-toc-link ez-toc-heading-14\" href=\"https:\/\/otomodospais.com.br\/blog\/melhores-livros-criancas-10-anos\/#o-menino-maluquinho\">O menino maluquinho<\/a><\/li><li class='ez-toc-page-1 ez-toc-heading-level-3'><a class=\"ez-toc-link ez-toc-heading-15\" href=\"https:\/\/otomodospais.com.br\/blog\/melhores-livros-criancas-10-anos\/#a-historia-das-invencoes\">A hist\u00f3ria das inven\u00e7\u00f5es<\/a><\/li><li class='ez-toc-page-1 ez-toc-heading-level-3'><a class=\"ez-toc-link ez-toc-heading-16\" href=\"https:\/\/otomodospais.com.br\/blog\/melhores-livros-criancas-10-anos\/#amoras\">Amoras<\/a><\/li><li class='ez-toc-page-1 ez-toc-heading-level-3'><a class=\"ez-toc-link ez-toc-heading-17\" href=\"https:\/\/otomodospais.com.br\/blog\/melhores-livros-criancas-10-anos\/#volta-ao-mundo-em-52-historias\">Volta ao mundo em 52 hist\u00f3rias<\/a><\/li><li class='ez-toc-page-1 ez-toc-heading-level-3'><a class=\"ez-toc-link ez-toc-heading-18\" href=\"https:\/\/otomodospais.com.br\/blog\/melhores-livros-criancas-10-anos\/#sr-boaventura\">Sr. Boaventura<\/a><\/li><\/ul><\/li><li class='ez-toc-page-1 ez-toc-heading-level-2'><a class=\"ez-toc-link ez-toc-heading-19\" href=\"https:\/\/otomodospais.com.br\/blog\/melhores-livros-criancas-10-anos\/#livros-infantis-com-camadas-extras-para-adultos\">Livros infantis com camadas extras para adultos<\/a><ul class='ez-toc-list-level-3' ><li class='ez-toc-heading-level-3'><a class=\"ez-toc-link ez-toc-heading-20\" href=\"https:\/\/otomodospais.com.br\/blog\/melhores-livros-criancas-10-anos\/#o-urso-que-nao-era\">O urso que n\u00e3o era<\/a><\/li><li class='ez-toc-page-1 ez-toc-heading-level-3'><a class=\"ez-toc-link ez-toc-heading-21\" href=\"https:\/\/otomodospais.com.br\/blog\/melhores-livros-criancas-10-anos\/#calvin-e-haroldo-%e2%80%93-o-mundo-e-magico\">Calvin e Haroldo &#8211; O Mundo \u00e9 M\u00e1gico<\/a><\/li><li class='ez-toc-page-1 ez-toc-heading-level-3'><a class=\"ez-toc-link ez-toc-heading-22\" href=\"https:\/\/otomodospais.com.br\/blog\/melhores-livros-criancas-10-anos\/#o-pequeno-principe\">O pequeno pr\u00edncipe<\/a><\/li><li class='ez-toc-page-1 ez-toc-heading-level-3'><a class=\"ez-toc-link ez-toc-heading-23\" href=\"https:\/\/otomodospais.com.br\/blog\/melhores-livros-criancas-10-anos\/#a-historia-sem-fim\">A hist\u00f3ria sem fim<\/a><\/li><\/ul><\/li><li class='ez-toc-page-1 ez-toc-heading-level-2'><a class=\"ez-toc-link ez-toc-heading-24\" href=\"https:\/\/otomodospais.com.br\/blog\/melhores-livros-criancas-10-anos\/#colecoes-de-livros-infanto-juvenil\">Cole\u00e7\u00f5es de livros infanto-juvenil<\/a><ul class='ez-toc-list-level-3' ><li class='ez-toc-heading-level-3'><a class=\"ez-toc-link ez-toc-heading-25\" href=\"https:\/\/otomodospais.com.br\/blog\/melhores-livros-criancas-10-anos\/#colecao-viloes-disney\">Cole\u00e7\u00e3o Vil\u00f5es Disney<\/a><\/li><li class='ez-toc-page-1 ez-toc-heading-level-3'><a class=\"ez-toc-link ez-toc-heading-26\" href=\"https:\/\/otomodospais.com.br\/blog\/melhores-livros-criancas-10-anos\/#as-extraordinarias-aventuras-de-julio-verne\">As extraordin\u00e1rias aventuras de J\u00falio Verne<\/a><\/li><li class='ez-toc-page-1 ez-toc-heading-level-3'><a class=\"ez-toc-link ez-toc-heading-27\" href=\"https:\/\/otomodospais.com.br\/blog\/melhores-livros-criancas-10-anos\/#colecao-harry-potter\">Cole\u00e7\u00e3o Harry Potter<\/a><\/li><li class='ez-toc-page-1 ez-toc-heading-level-3'><a class=\"ez-toc-link ez-toc-heading-28\" href=\"https:\/\/otomodospais.com.br\/blog\/melhores-livros-criancas-10-anos\/#box-uma-dobra-no-tempo-a-serie-completa\">Box Uma dobra no tempo, a s\u00e9rie completa<\/a><\/li><li class='ez-toc-page-1 ez-toc-heading-level-3'><a class=\"ez-toc-link ez-toc-heading-29\" href=\"https:\/\/otomodospais.com.br\/blog\/melhores-livros-criancas-10-anos\/#box-o-castelo-animado\">Box O Castelo Animado<\/a><\/li><li class='ez-toc-page-1 ez-toc-heading-level-3'><a class=\"ez-toc-link ez-toc-heading-30\" href=\"https:\/\/otomodospais.com.br\/blog\/melhores-livros-criancas-10-anos\/#box-diario-de-um-banana\">Box Di\u00e1rio de um banana<\/a><\/li><li class='ez-toc-page-1 ez-toc-heading-level-3'><a class=\"ez-toc-link ez-toc-heading-31\" href=\"https:\/\/otomodospais.com.br\/blog\/melhores-livros-criancas-10-anos\/#serie-percy-jackson-e-os-olimpianos\">S\u00e9rie Percy Jackson e os Olimpianos<\/a><\/li><li class='ez-toc-page-1 ez-toc-heading-level-3'><a class=\"ez-toc-link ez-toc-heading-32\" href=\"https:\/\/otomodospais.com.br\/blog\/melhores-livros-criancas-10-anos\/#a-terra-magica-de-oz\">A Terra M\u00e1gica de Oz&nbsp;<\/a><\/li><\/ul><\/li><\/ul><\/nav><\/div>\n\n\n\n\n<h2 class=\"wp-block-heading\"><span class=\"ez-toc-section\" id=\"como-escolher-um-livro-para-criancas-de-10-anos\"><\/span>Como escolher um livro para crian\u00e7as de 10 anos<span class=\"ez-toc-section-end\"><\/span><\/h2>\n\n\n\n<p>Existem v\u00e1rias formas de escolher o melhor livro para uma crian\u00e7a de 10 anos, seja menino ou menina. Estes s\u00e3o alguns dos pontos para os quais voc\u00ea deve ser atentar:<\/p>\n\n\n\n<ul class=\"wp-block-list\">\n<li><strong>Tema: <\/strong>se as crian\u00e7as gostam de princesas, os contos de fada s\u00e3o boas pedidas. Se s\u00e3o mais travessas, podem se identificar com Calvin e Haroldo, por exemplo.<\/li>\n\n\n\n<li><strong>Conte\u00fados abordados no livro:<\/strong> o livro ensina alguma li\u00e7\u00e3o importante? De que forma ele \u00e9 escrito? Aqui, \u00e9 importante pesquisar e ler reviews antes de fazer a compra.<\/li>\n\n\n\n<li><strong>Linguagem: <\/strong>o livro foi escrito h\u00e1 muito tempo? A linguagem \u00e9 agrad\u00e1vel e leve para uma crian\u00e7a?<\/li>\n\n\n\n<li><strong>Tamanho do livro: <\/strong>a crian\u00e7a j\u00e1 gosta de ler? Nesse caso, um livro maiorzinho pode ser bom. Agora, se ela ainda estiver na fase da &#8220;pregui\u00e7a&#8221; de ler, que tal ilustra\u00e7\u00f5es bem bonitas para chamar a aten\u00e7\u00e3o?<\/li>\n<\/ul>\n\n\n\n<p><strong>N\u00e3o existem escolhas definitivas, j\u00e1 que cada crian\u00e7a gosta de uma coisa!<\/strong><\/p>\n\n\n\n<p>O nome de cada livro tem um link que leva diretamente para uma plataforma de e-commerce para comprar a vers\u00e3o f\u00edsica. Mas a maioria das hist\u00f3rias tamb\u00e9m est\u00e1 dispon\u00edvel em formatos digitais, que <strong>s\u00e3o mais baratos<\/strong>.<\/p>\n\n\n\n<h2 class=\"wp-block-heading\"><span class=\"ez-toc-section\" id=\"os-melhores-livros-para-criancas-de-10-anos\"><\/span>Os melhores livros para crian\u00e7as de 10 anos<span class=\"ez-toc-section-end\"><\/span><\/h2>\n\n\n\n<h3 class=\"wp-block-heading\"><span class=\"ez-toc-section\" id=\"a-volta-ao-mundo-em-80-dias\"><\/span><a href=\"https:\/\/www.amazon.com.br\/volta-mundo-80-dias\/dp\/8545559089\/?tag=otomodospais-20\" rel=\"nofollow noopener\" target=\"_blank\">A volta ao mundo em 80 dias<\/a><span class=\"ez-toc-section-end\"><\/span><\/h3>\n\n\n<div class=\"wp-block-image is-resized\">\n<figure class=\"aligncenter size-large\"><img decoding=\"async\" src=\"https:\/\/eyc7xs8f99a.exactdn.com\/blog\/wp-content\/uploads\/a-volta-ao-mundo.jpg?strip=all&lossy=1&w=1250&ssl=1\" alt=\"A volta ao mundo em 80 dias\" class=\"wp-image-854\"\/><\/figure><\/div>\n\n\n<p><strong>Cl\u00e1ssico da literatura, escrito por Jules Verne, repaginado para uma vers\u00e3o infantil<\/strong>. A trama se passa na d\u00e9cada de 1870 e acompanha Phileas Fogg e Passepartout em uma viagem para provar que conseguem dar a volta ao mundo em 80 dias. <\/p>\n\n\n\n<p><strong>Este livro se destaca pela interatividade<\/strong>. A narrativa transporta o leitor para o lado dos protagonistas. Na pr\u00e1tica, funciona assim: al\u00e9m de acompanhar a hist\u00f3ria dos personagens, os cap\u00edtulos t\u00eam desafios interativos que devem ser solucionados pelo leitor.<\/p>\n\n\n\n<p>Para tanto, alguns brinquedos e materiais acompanham o livro, o que \u00e9 um formato diferente da maioria das hist\u00f3rias e pode agradar aos leitores mirins.<\/p>\n\n\n\n<h3 class=\"wp-block-heading\"><span class=\"ez-toc-section\" id=\"um-cometa-na-terra-dos-moomins\"><\/span><a href=\"http:\/\/amazon.com.br\/Um-cometa-terra-dos-Moomins\/dp\/8582176945\/?tag\" rel=\"nofollow noopener\" target=\"_blank\">Um Cometa na terra dos Moomins<\/a><span class=\"ez-toc-section-end\"><\/span><\/h3>\n\n\n<div class=\"wp-block-image\">\n<figure class=\"aligncenter size-large\"><img decoding=\"async\" width=\"307\" height=\"463\" src=\"https:\/\/eyc7xs8f99a.exactdn.com\/blog\/wp-content\/uploads\/um-cometa-na-terra-dos-moomins.jpg?strip=all&lossy=1&resize=307%2C463&ssl=1\" alt=\"Um cometa na terra dos Moomins\" class=\"wp-image-866\"\/><\/figure><\/div>\n\n\n<p><strong>Os Moomins s\u00e3o uma fam\u00edlia de trolls que moram na Escandin\u00e1via<\/strong> e se envolvem em diversos tipos de aventura! Nesta, eles querem saber mais sobre um misterioso cometa que est\u00e1 passando pelo c\u00e9u na dire\u00e7\u00e3o da sua vila.<\/p>\n\n\n\n<p>As hist\u00f3rias foram publicadas originalmente entre 1945 e 1970 e traduzidas para diversos idiomas. Elas misturam <strong>sabedoria popular, ensinamentos \u00e9ticos e socioambientais, e mitologia n\u00f3rdica<\/strong>!&nbsp;<\/p>\n\n\n\n<p>As narrativas foram pensadas para crian\u00e7as de 8 a 12 anos, pela autora Tove Jansson. E o melhor: se as crian\u00e7as gostarem desse, tem uma s\u00e9rie de outros livros dos Moomins publicados no Brasil (n\u00e3o \u00e9 necess\u00e1rio ler em ordem cronol\u00f3gica).<\/p>\n\n\n\n<p>Infelizmente, segundo a recomenda\u00e7\u00e3o de alguns pais, <strong>as vers\u00f5es nacionais dos livros t\u00eam erros de tradu\u00e7\u00e3o e revis\u00e3o<\/strong>. Se as crian\u00e7as souberem falar ingl\u00eas, ou quiserem praticar, pode ser uma boa pedida buscar edi\u00e7\u00f5es internacionais. <\/p>\n\n\n\n<h3 class=\"wp-block-heading\"><span class=\"ez-toc-section\" id=\"um-lencol-de-infinitos-fios\"><\/span><a href=\"http:\/\/amazon.com.br\/len\u00e7ol-infinitos-fios-Susana-Ventura\/dp\/8564816938?tag\" rel=\"nofollow noopener\" target=\"_blank\">Um len\u00e7ol de infinitos fios<\/a><span class=\"ez-toc-section-end\"><\/span><\/h3>\n\n\n<div class=\"wp-block-image\">\n<figure class=\"aligncenter size-large\"><img decoding=\"async\" width=\"296\" height=\"445\" src=\"https:\/\/eyc7xs8f99a.exactdn.com\/blog\/wp-content\/uploads\/um-lencol-de-infinitos-fios.jpg?strip=all&lossy=1&resize=296%2C445&ssl=1\" alt=\"Um len\u00e7ol de infinitos fios\" class=\"wp-image-867\"\/><\/figure><\/div>\n\n\n<p><strong>Obra nacional indicada ao Pr\u00eamio Jabuti de 2020<\/strong>, escrita por Susana Ventura. Entre suas principais caracter\u00edsticas est\u00e1 a leveza com a qual aborda temas complexos, como solidariedade e respeito \u00e0s diferen\u00e7as.<\/p>\n\n\n\n<p>O livro conta hist\u00f3rias cruzadas de crian\u00e7as e adolescentes de diferentes pa\u00edses da Am\u00e9rica Latina. Ao fazer um trabalho de escola, eles descobrem mais sobre aquilo que os une, apesar das diferen\u00e7as de nacionalidade.<\/p>\n\n\n\n<p>\u00c9<strong> mais indicado para crian\u00e7as que j\u00e1 tenham o h\u00e1bito de ler<\/strong>. Isso porque esse tipo de leitor consegue assimilar melhor as diferen\u00e7as no estilo da hist\u00f3ria e a mensagem geral do livro.<\/p>\n\n\n\n<h3 class=\"wp-block-heading\"><span class=\"ez-toc-section\" id=\"migrando\"><\/span><a href=\"http:\/\/amazon.com.br\/Migrando-Mariana-Chiesa-Mateos\/dp\/8573265906\/?tag\" rel=\"nofollow noopener\" target=\"_blank\">Migrando<\/a><span class=\"ez-toc-section-end\"><\/span><\/h3>\n\n\n<div class=\"wp-block-image is-resized\">\n<figure class=\"aligncenter size-large\"><img decoding=\"async\" width=\"1250\" height=\"1250\" src=\"https:\/\/eyc7xs8f99a.exactdn.com\/blog\/wp-content\/uploads\/migrando.jpg?strip=all&lossy=1&ssl=1\" alt=\"Migrando\" class=\"wp-image-859\" style=\"width:631px;height:auto\" srcset=\"https:\/\/eyc7xs8f99a.exactdn.com\/blog\/wp-content\/uploads\/migrando.jpg?strip=all&amp;lossy=1&amp;ssl=1 1250w, https:\/\/eyc7xs8f99a.exactdn.com\/blog\/wp-content\/uploads\/migrando-600x600.jpg?strip=all&amp;lossy=1&amp;ssl=1 600w, https:\/\/eyc7xs8f99a.exactdn.com\/blog\/wp-content\/uploads\/migrando-768x768.jpg?strip=all&amp;lossy=1&amp;ssl=1 768w, https:\/\/eyc7xs8f99a.exactdn.com\/blog\/wp-content\/uploads\/migrando.jpg?strip=all&amp;lossy=1&amp;w=250&amp;ssl=1 250w, https:\/\/eyc7xs8f99a.exactdn.com\/blog\/wp-content\/uploads\/migrando.jpg?strip=all&amp;lossy=1&amp;w=500&amp;ssl=1 500w, https:\/\/eyc7xs8f99a.exactdn.com\/blog\/wp-content\/uploads\/migrando.jpg?strip=all&amp;lossy=1&amp;w=1000&amp;ssl=1 1000w\" sizes=\"(max-width: 1250px) 100vw, 1250px\" \/><\/figure><\/div>\n\n\n<p>Este livro tamb\u00e9m fala sobre o tema migra\u00e7\u00e3o, mas com uma abordagem bem diferente e que ati\u00e7a a curiosidade:<strong> n\u00e3o tem palavras, tem duas capas e dois in\u00edcios<\/strong>.<\/p>\n\n\n\n<p>Diferente, n\u00e9? <\/p>\n\n\n\n<p>Uma das hist\u00f3rias fala sobre os imigrantes africanos que chegam \u00e0 Europa; e a outra sobre os europeus que chegaram \u00e0 Am\u00e9rica. No decorrer do livro, as duas narrativas se cruzam. <\/p>\n\n\n\n<p>Apesar de n\u00e3o ter nenhum texto, tamb\u00e9m<strong> \u00e9 interessante acompanhar a crian\u00e7a na leitura desta obra<\/strong>, j\u00e1 que ler duas hist\u00f3rias diferentes ao mesmo tempo pode ser complicado.<\/p>\n\n\n\n<p>Outro detalhe interessante: a contracapa do livro tamb\u00e9m indica algumas formas de tornar a experi\u00eancia mais enriquecedora: acompanhar a leitura com m\u00fasica ou filmes\/s\u00e9ries que tenham rela\u00e7\u00e3o com o que se passa em cada p\u00e1gina. <\/p>\n\n\n\n<h3 class=\"wp-block-heading\"><span class=\"ez-toc-section\" id=\"os-caras-malvados\"><\/span><a href=\"http:\/\/amazon.com.br\/Os-Caras-Malvados-Aaron-Blabey\/dp\/8566428323?tag\" rel=\"nofollow noopener\" target=\"_blank\">Os caras malvados<\/a><span class=\"ez-toc-section-end\"><\/span><\/h3>\n\n\n<div class=\"wp-block-image\">\n<figure class=\"aligncenter size-large\"><img decoding=\"async\" width=\"260\" height=\"329\" src=\"https:\/\/eyc7xs8f99a.exactdn.com\/blog\/wp-content\/uploads\/os-caras-malvados.jpg?strip=all&lossy=1&resize=260%2C329&ssl=1\" alt=\"Os caras malvados\" class=\"wp-image-863\"\/><\/figure><\/div>\n\n\n<p>Os Caras Malvados \u00e9 uma s\u00e9rie de livros infantis que foca nos <strong>personagens que s\u00e3o vil\u00f5es na maioria das hist\u00f3rias para crian\u00e7as<\/strong>: o Lobo, a Piranha, a Cobra, o Jacar\u00e9 e a Tar\u00e2ntula. <\/p>\n\n\n\n<p>Neste livro, eles s\u00e3o mal interpretados e querem mostrar que tamb\u00e9m podem ser do bem! <\/p>\n\n\n\n<p>Este \u00e9 o primeiro livro da s\u00e9rie criada por Aaron Blabey, traduzida para diversos idiomas. Esta edi\u00e7\u00e3o, em particular, tem muitas avalia\u00e7\u00f5es positivas dos pais.<\/p>\n\n\n\n<p><strong>Eles destacam principalmente o ritmo de leitura<\/strong> e o entretenimento que a hist\u00f3ria proporciona para as crian\u00e7as. Mencionam tamb\u00e9m o <strong>texto breve e as ilustra\u00e7\u00f5es divertidas<\/strong>. <\/p>\n\n\n\n<p>A s\u00e9rie vai virar filme, inclusive. A produ\u00e7\u00e3o est\u00e1 em andamento pela DreamWorks e estreou em 2022.<\/p>\n\n\n\n<h3 class=\"wp-block-heading\"><span class=\"ez-toc-section\" id=\"as-aventuras-do-capitao-cueca\"><\/span><a href=\"http:\/\/amazon.com.br\/As-aventuras-capit\u00e3o-cueca-vol\/dp\/8574067547\/?tag\" rel=\"nofollow noopener\" target=\"_blank\">As aventuras do Capit\u00e3o Cueca<\/a><span class=\"ez-toc-section-end\"><\/span><\/h3>\n\n\n<div class=\"wp-block-image is-resized\">\n<figure class=\"aligncenter size-large\"><img decoding=\"async\" width=\"329\" height=\"500\" src=\"https:\/\/eyc7xs8f99a.exactdn.com\/blog\/wp-content\/uploads\/As-aventuras-do-Capitao-Cueca.jpg?strip=all&lossy=1&resize=329%2C500&ssl=1\" alt=\"Capa do livro As aventuras do Capit\u00e3o Cueca\" class=\"wp-image-944\"\/><\/figure><\/div>\n\n\n<p>A <a href=\"https:\/\/www.amazon.com.br\/Kit-Capit%C3%A3o-Cueca-Dav-Pilkey\/dp\/857406923X\/ref=sr_1_3_sspa?__mk_pt_BR=%C3%85M%C3%85%C5%BD%C3%95%C3%91&amp;dchild=1&amp;keywords=livros+infantis&amp;qid=1626219976&amp;refinements=p_n_feature_nine_browse-bin%3A9754444011%2Cp_72%3A17833786011&amp;rnid=5560472011&amp;s=books&amp;sr=1-3-spons&amp;ufe=app_do%3Aamzn1.fos.4bddec23-2dcf-4403-8597-e1a02442043d&amp;psc=1&amp;spLa=ZW5jcnlwdGVkUXVhbGlmaWVyPUExVUI5U1ZGR1k2NkNWJmVuY3J5cHRlZElkPUEwNTg2Njg5TkNJNUZQTzNPVUhZJmVuY3J5cHRlZEFkSWQ9QTAyNDMwOTYzR1FCRTYxMkhHNzdCJndpZGdldE5hbWU9c3BfYXRmJmFjdGlvbj1jbGlja1JlZGlyZWN0JmRvTm90TG9nQ2xpY2s9dHJ1ZQ%3D%3D&amp;tag=otomodospais-20\" rel=\"nofollow noopener\" target=\"_blank\">s\u00e9rie das Aventuras do Capit\u00e3o Cueca<\/a> est\u00e1 na lista <strong>dos mais vendidos para crian\u00e7as de 10 anos na Amazon<\/strong>. Segundo as avalia\u00e7\u00f5es dos pais, o bom humor \u00e9 a principal qualidade do material. <\/p>\n\n\n\n<p>Al\u00e9m disso, \u00e9 f\u00e1cil para uma crian\u00e7a se identificar com os personagens da hist\u00f3ria: <strong>Jorge e Haroldo s\u00e3o vizinhos e criam um super-her\u00f3i, o Capit\u00e3o Cueca<\/strong>. Quem nunca passou pela fase de criar seus personagens, n\u00e3o \u00e9 mesmo?<\/p>\n\n\n\n<p>O livro tem pouco texto e muitas ilustra\u00e7\u00f5es coloridas, o que tamb\u00e9m atrai o interesse. <\/p>\n\n\n\n<p>Por fim, cabe ficar de olho em um detalhe: na hist\u00f3ria, as crian\u00e7as criam um gibi e escrevem algumas palavras erradas. Por isso, <strong>esteja atento para a crian\u00e7a n\u00e3o se confundir na hora de escrever.<\/strong><\/p>\n\n\n\n<h3 class=\"wp-block-heading\"><span class=\"ez-toc-section\" id=\"momo-e-o-senhor-do-tempo\"><\/span><a href=\"http:\/\/amazon.com.br\/Momo-senhor-tempo-Michael-Ende\/dp\/8578275780\/?tag\" rel=\"nofollow noopener\" target=\"_blank\">Momo e o Senhor do Tempo<\/a><span class=\"ez-toc-section-end\"><\/span><\/h3>\n\n\n<div class=\"wp-block-image\">\n<figure class=\"aligncenter size-large\"><img decoding=\"async\" width=\"331\" height=\"499\" src=\"https:\/\/eyc7xs8f99a.exactdn.com\/blog\/wp-content\/uploads\/momo-e-o-senhor-do-tempo.jpg?strip=all&lossy=1&resize=331%2C499&ssl=1\" alt=\"Momo e o senhor do tempo\" class=\"wp-image-860\"\/><\/figure><\/div>\n\n\n<p>Talvez voc\u00ea conhe\u00e7a o autor Michael Ende por <a href=\"https:\/\/www.youtube.com\/watch?v=72UC0PsH0OU\" rel=\"nofollow noopener\" target=\"_blank\">A Hist\u00f3ria sem Fim<\/a>, livro cl\u00e1ssico adaptado para o cinema. <\/p>\n\n\n\n<p>Em Momo e o Senhor do Tempo, ele prop\u00f5e uma reflex\u00e3o sobre o significado do tempo.<\/p>\n\n\n\n<p>A mensagem principal do livro \u00e9 <strong>valorizar o agora e aproveitar as coisas simples da vida<\/strong>. Esta mensagem \u00e9 transmitida para as crian\u00e7as atrav\u00e9s das aventuras de Momo, repletas de imagina\u00e7\u00e3o e aventura.<\/p>\n\n\n\n<p>\u00c9 uma leitura que <strong>tamb\u00e9m \u00e9 indicada para os pais<\/strong>, j\u00e1 que traz reflex\u00f5es bastante atuais sobre um mundo que \u00e9 regido pelo rel\u00f3gio e em que as pessoas t\u00eam cada vez menos tempo. Por isso, \u00e9 ideal para ler em conjunto com os filhos, sobrinhos, afilhados etc. <\/p>\n\n\n\n<blockquote class=\"wp-block-quote is-layout-flow wp-block-quote-is-layout-flow\">\n<p>Um sopro de paz e inspira\u00e7\u00e3o em meio \u00e0 repeti\u00e7\u00e3o e pressa do dia a dia.<\/p>\n<cite>Marcelo Lobo, leitor<\/cite><\/blockquote>\n\n\n\n<h3 class=\"wp-block-heading\"><span class=\"ez-toc-section\" id=\"na-floresta\"><\/span><a href=\"http:\/\/amazon.com.br\/Na-floresta-Contos-Irm\u00e3os-quadrinhos\/dp\/854690247X\/?tag\" rel=\"nofollow noopener\" target=\"_blank\">Na Floresta<\/a><span class=\"ez-toc-section-end\"><\/span><\/h3>\n\n\n<div class=\"wp-block-image\">\n<figure class=\"aligncenter size-large\"><img decoding=\"async\" width=\"348\" height=\"499\" src=\"https:\/\/eyc7xs8f99a.exactdn.com\/blog\/wp-content\/uploads\/na-floresta.jpg?strip=all&lossy=1&resize=348%2C499&ssl=1\" alt=\"Na floresta\" class=\"wp-image-861\"\/><\/figure><\/div>\n\n\n<p>Na floresta \u00e9 uma colet\u00e2nea de contos de fadas adaptados ao formato de<strong> hist\u00f3rias em quadrinhos<\/strong>. Cada hist\u00f3ria \u00e9 ilustrada por um artista, o que faz com que cada conto tenha uma &#8220;cara&#8221; particular, j\u00e1 que os estilos s\u00e3o bem diferentes entre si. <\/p>\n\n\n\n<p>A lista de contos:<\/p>\n\n\n\n<ul class=\"wp-block-list\">\n<li>\u201cJo\u00e3o e Maria\u201d, por Federico Pazos.<\/li>\n\n\n\n<li>\u201cJo\u00e3o de Ferro\u201d, por Pablo Cabrera.<\/li>\n\n\n\n<li>\u201cBranca de Neve e Rosa Vermelha\u201d, por Power Paola.<\/li>\n\n\n\n<li> \u201cA senhora Holle\u201d, por Decur.<\/li>\n\n\n\n<li>\u201cJorinda e Joringel\u201d, por Mar\u00eda Elina Mendez.<\/li>\n\n\n\n<li>\u201cO pr\u00edncipe sapo\u201d, por Liniers. <\/li>\n<\/ul>\n\n\n\n<p>S\u00e3o hist\u00f3rias j\u00e1 conhecidas, mas com o toque de originalidade de cada um dos ilustradores que d\u00e1 vida a elas. Tamb\u00e9m \u00e9 uma boa op\u00e7\u00e3o para ler junto da crian\u00e7a!<\/p>\n\n\n\n<h3 class=\"wp-block-heading\"><span class=\"ez-toc-section\" id=\"konrad-o-menino-da-lata\"><\/span><a href=\"https:\/\/www.amazon.com.br\/Konrad-menino-lata-Christine-N%C3%B6stlinger\/dp\/8578481097?tag=otomodospais-20\" rel=\"nofollow noopener\" target=\"_blank\">Konrad, o menino da lata<\/a><span class=\"ez-toc-section-end\"><\/span><\/h3>\n\n\n<div class=\"wp-block-image is-resized\">\n<figure class=\"aligncenter size-large\"><img decoding=\"async\" width=\"347\" height=\"499\" src=\"https:\/\/eyc7xs8f99a.exactdn.com\/blog\/wp-content\/uploads\/konrad-o-menino-da-lata.jpg?strip=all&lossy=1&resize=347%2C499&ssl=1\" alt=\"Konrad, o menino da lata\" class=\"wp-image-858\"\/><\/figure><\/div>\n\n\n<p>Livro divertido, indicado a premia\u00e7\u00f5es de literatura infanto-juvenil na Alemanha e com uma hist\u00f3ria fora do convencional: uma mo\u00e7a tem um v\u00edcio de encomendar tudo o que v\u00ea pela frente. <strong>Em uma dessas encomendas, chega um menino dentro de uma lata de conserva<\/strong>!<\/p>\n\n\n\n<p>Foi publicado em originalmente em 1979 na Europa, por isso, os h\u00e1bitos dos personagens n\u00e3o s\u00e3o t\u00e3o comuns para as crian\u00e7as de hoje, o que rende bastante curiosidade.<\/p>\n\n\n\n<p>Vale destacar que algumas das edi\u00e7\u00f5es brasileiras est\u00e3o com <strong>p\u00e1ginas faltando ou na ordem errada<\/strong>. Confira na livraria antes de comprar! <\/p>\n\n\n\n<p>Al\u00e9m disso, dependendo do n\u00edvel de habilidade da crian\u00e7a com o ingl\u00eas, talvez seja interessante buscar uma edi\u00e7\u00e3o internacional. <\/p>\n\n\n\n<h3 class=\"wp-block-heading\"><span class=\"ez-toc-section\" id=\"quando-a-primavera-chegar\"><\/span><a href=\"https:\/\/www.amazon.com.br\/Quando-Primavera-Chegar-Marina-Colasanti\/dp\/8526023446?tag=otomodospais-20\" rel=\"nofollow noopener\" target=\"_blank\">Quando a primavera chegar<\/a><span class=\"ez-toc-section-end\"><\/span><\/h3>\n\n\n<div class=\"wp-block-image\">\n<figure class=\"aligncenter size-large\"><img decoding=\"async\" width=\"350\" height=\"499\" src=\"https:\/\/eyc7xs8f99a.exactdn.com\/blog\/wp-content\/uploads\/quando-a-primavera-chegar.jpg?strip=all&lossy=1&resize=350%2C499&ssl=1\" alt=\"Quando a primavera chegar\" class=\"wp-image-864\"\/><\/figure><\/div>\n\n\n<p>\u00c9 um livro de contos escrito pela experiente autora brasileira Marina Colasanti. S\u00e3o dezessete hist\u00f3rias in\u00e9ditas com temas bastante diferentes.<\/p>\n\n\n\n<p>Em uma, um menino nasce com um olho no meio da testa. Em outra, uma flor nasce na palma da m\u00e3o. E uma terceira conta sobre um p\u00e9 de feij\u00e3o que nasce no ouvido de algu\u00e9m!<\/p>\n\n\n\n<p>As resenhas do livro destacam que <strong>os contos t\u00eam uma linguagem bastante \u00fanica e procuram induzir \u00e0 emo\u00e7\u00e3o<\/strong>. Por sso, tamb\u00e9m consideramos interessante para uma leitura em conjunto, j\u00e1 que <strong>pais e filhos podem dar diferentes interpreta\u00e7\u00f5es para as hist\u00f3rias<\/strong>.<\/p>\n\n\n\n<p>Al\u00e9m disso, o livro tem 112 p\u00e1ginas e, embora seja ilustrado, pode ser considerado longo demais para alguns perfis de leitores infantis. <\/p>\n\n\n\n<h3 class=\"wp-block-heading\"><span class=\"ez-toc-section\" id=\"o-misterio-do-hotel\"><\/span><a href=\"http:\/\/amazon.com.br\/mist\u00e9rio-do-hotel-Martin-Widmark\/dp\/8574169587\/?tag\" rel=\"nofollow noopener\" target=\"_blank\">O mist\u00e9rio do Hotel<\/a><span class=\"ez-toc-section-end\"><\/span><\/h3>\n\n\n<div class=\"wp-block-image is-resized\">\n<figure class=\"aligncenter size-large\"><img decoding=\"async\" width=\"348\" height=\"499\" src=\"https:\/\/eyc7xs8f99a.exactdn.com\/blog\/wp-content\/uploads\/O-misterio-do-hotel.jpg?strip=all&lossy=1&resize=348%2C499&ssl=1\" alt=\"O mist\u00e9rio do hotel\" class=\"wp-image-869\"\/><\/figure><\/div>\n\n\n<p>Dois jovens detetives investigam o sumi\u00e7o de um cachorro em um hotel.<strong> Que tal se as crian\u00e7as de casa ajudarem a investigar?<\/strong><\/p>\n\n\n\n<p>Essa \u00e9 a proposta do livro de Martin Widmark, que vai dando pistas ao longo da hist\u00f3ria, para que os leitores decifrem o mist\u00e9rio junto com os personagens.&nbsp;<\/p>\n\n\n\n<p>O primeiro livro da nossa lista, a Volta ao Mundo em 80 dias, tem uma proposta parecida, mas a execu\u00e7\u00e3o \u00e9 diferente. <\/p>\n\n\n\n<p>Neste livro, o leitor n\u00e3o &#8220;est\u00e1&#8221; de fato na hist\u00f3ria, como um personagem. Mas o autor vai deixando pistas para que ele consiga ser o detetive tamb\u00e9m. <\/p>\n\n\n\n<p>Widmark j\u00e1 publicou v\u00e1rias hist\u00f3rias nesse estilo. Ent\u00e3o se as crian\u00e7as gostarem dessa, vale a pena procurar as demais!<\/p>\n\n\n\n<blockquote class=\"wp-block-quote is-layout-flow wp-block-quote-is-layout-flow\">\n<p>O livro \u00e9 legal, meu filho leu de uma vez s\u00f3. As letras s\u00e3o grandes e o livro \u00e9 bem fininho. Ele gostou e pediu para comprar os demais da cole\u00e7\u00e3o.<\/p>\n<cite>Ricardo Ferreira, leitor.<\/cite><\/blockquote>\n\n\n\n<h3 class=\"wp-block-heading\"><span class=\"ez-toc-section\" id=\"o-menino-maluquinho\"><\/span><a href=\"http:\/\/amazon.com.br\/Menino-Maluquinho-Edi\u00e7\u00e3o-Comemorativa-Amigos\/dp\/6555390077?tag\" rel=\"nofollow noopener\" target=\"_blank\">O menino maluquinho<\/a><span class=\"ez-toc-section-end\"><\/span><\/h3>\n\n\n<div class=\"wp-block-image\">\n<figure class=\"aligncenter size-large\"><img decoding=\"async\" width=\"333\" height=\"500\" src=\"https:\/\/eyc7xs8f99a.exactdn.com\/blog\/wp-content\/uploads\/o-menino-maluquinho.jpg?strip=all&lossy=1&resize=333%2C500&ssl=1\" alt=\"O menino maluquinho\" class=\"wp-image-862\"\/><\/figure><\/div>\n\n\n<p>Simplesmente cl\u00e1ssico! A vers\u00e3o que linkamos aqui \u00e9 uma edi\u00e7\u00e3o comemorativa de <strong>40 anos de um dos personagens mais famosos da literatura infantil Brasileira<\/strong>.<\/p>\n\n\n\n<p>Ali\u00e1s, \u00e9 bem prov\u00e1vel que as crian\u00e7as j\u00e1 conhe\u00e7am o o personagem pelos livros did\u00e1ticos. Nas aulas de portugu\u00eas sempre aparecem tiras do Menino Maluquinho para explicar algumas quest\u00f5es de ortografia e gram\u00e1tica. <\/p>\n\n\n\n<p>As hist\u00f3rias acompanham as aventuras de um menino que usa uma panela na cabe\u00e7a e se mete em todo tipo de confus\u00e3o. S\u00e3o tiras curtas bem humoradas, que se tornaram fen\u00f4meno no Brasil nas d\u00e9cadas de 1990 e 2000. <\/p>\n\n\n\n<p>Al\u00e9m desta vers\u00e3o, existem v\u00e1rias outras para presentear uma crian\u00e7a &#8211; e <strong>tem muitas tirinhas dispon\u00edveis para ler de gra\u00e7a na internet tamb\u00e9m<\/strong>. <\/p>\n\n\n\n<h3 class=\"wp-block-heading\"><span class=\"ez-toc-section\" id=\"a-historia-das-invencoes\"><\/span><a href=\"http:\/\/amazon.com.br\/Hist\u00f3ria-mundo-crian\u00e7as-Monteiro-Lobato\/dp\/8525056162\/ref=asc_df_8525056162\/?tag\" rel=\"nofollow noopener\" target=\"_blank\">A hist\u00f3ria das inven\u00e7\u00f5es<\/a><span class=\"ez-toc-section-end\"><\/span><\/h3>\n\n\n<div class=\"wp-block-image is-resized\">\n<figure class=\"aligncenter size-large\"><img decoding=\"async\" width=\"379\" height=\"499\" src=\"https:\/\/eyc7xs8f99a.exactdn.com\/blog\/wp-content\/uploads\/a-historia-das-invencoes.jpg?strip=all&lossy=1&resize=379%2C499&ssl=1\" alt=\"A hist\u00f3ria das inven\u00e7\u00f5es\" class=\"wp-image-853\"\/><\/figure><\/div>\n\n\n<p>Falando de autor cl\u00e1ssico, que tal aprender sobre as inven\u00e7\u00f5es com os personagens do S\u00edtio do Pica-Pau Amarelo? A premissa deste livro \u00e9 apresentar informa\u00e7\u00f5es para crian\u00e7as curiosas com uma linguagem simples e de leitura flu\u00edda, caracter\u00edstica das obras de Lobato.&nbsp;<\/p>\n\n\n\n<p><strong>\u00c9 recomendado para crian\u00e7as que j\u00e1 tenham o h\u00e1bito de ler<\/strong>, porque apresenta bastante texto. Por isso, um leitor inexperiente pode ter alguma dificuldade de entender todas as informa\u00e7\u00f5es sozinho, sem a ajuda dos pais. <\/p>\n\n\n\n<p>Vale tamb\u00e9m uma observa\u00e7\u00e3o: Monteiro Lobato \u00e9 um autor renomado no Brasil, especialmente pela cria\u00e7\u00e3o do S\u00edtio do Pica-Pau Amarelo, mas tamb\u00e9m \u00e9 conhecido por <a href=\"https:\/\/www.uol.com.br\/ecoa\/ultimas-noticias\/2021\/01\/29\/devemos-editar-os-termos-racistas-nas-obras-de-monteiro-lobato.htm\" rel=\"nofollow noopener\" target=\"_blank\"><strong>pensamentos racistas<\/strong><\/a>. <\/p>\n\n\n\n<p>Esse tipo de ideologia sem fundamento n\u00e3o est\u00e1 presente neste livro, mas fica a recomenda\u00e7\u00e3o de pesquisar um pouco a hist\u00f3ria e decidir se voc\u00ea acha v\u00e1lido comprar um livro dele de presente.<\/p>\n\n\n\n<h3 class=\"wp-block-heading\"><span class=\"ez-toc-section\" id=\"amoras\"><\/span><a href=\"http:\/\/amazon.com.br\/Amoras-Emicida\/dp\/8574068365\/?tag\" rel=\"nofollow noopener\" target=\"_blank\">Amoras<\/a><span class=\"ez-toc-section-end\"><\/span><\/h3>\n\n\n<div class=\"wp-block-image is-resized\">\n<figure class=\"aligncenter size-large\"><img decoding=\"async\" width=\"1250\" height=\"1250\" src=\"https:\/\/eyc7xs8f99a.exactdn.com\/blog\/wp-content\/uploads\/amoras.jpg?strip=all&lossy=1&ssl=1\" alt=\"Amoras\" class=\"wp-image-855\" style=\"width:439px;height:auto\" srcset=\"https:\/\/eyc7xs8f99a.exactdn.com\/blog\/wp-content\/uploads\/amoras.jpg?strip=all&amp;lossy=1&amp;ssl=1 1250w, https:\/\/eyc7xs8f99a.exactdn.com\/blog\/wp-content\/uploads\/amoras-600x600.jpg?strip=all&amp;lossy=1&amp;ssl=1 600w, https:\/\/eyc7xs8f99a.exactdn.com\/blog\/wp-content\/uploads\/amoras-768x768.jpg?strip=all&amp;lossy=1&amp;ssl=1 768w, https:\/\/eyc7xs8f99a.exactdn.com\/blog\/wp-content\/uploads\/amoras.jpg?strip=all&amp;lossy=1&amp;w=250&amp;ssl=1 250w, https:\/\/eyc7xs8f99a.exactdn.com\/blog\/wp-content\/uploads\/amoras.jpg?strip=all&amp;lossy=1&amp;w=500&amp;ssl=1 500w, https:\/\/eyc7xs8f99a.exactdn.com\/blog\/wp-content\/uploads\/amoras.jpg?strip=all&amp;lossy=1&amp;w=1000&amp;ssl=1 1000w\" sizes=\"(max-width: 1250px) 100vw, 1250px\" \/><\/figure><\/div>\n\n\n<p>Livro de narrativa simples, projeto gr\u00e1fico sens\u00edvel e grande profundidade. Amoras \u00e9 o primeiro livro de Emicida e aborda <strong>quest\u00f5es relevantes sobre ra\u00e7a a partir de uma linguagem l\u00fadica para crian\u00e7as<\/strong>.<\/p>\n\n\n\n<p>Assim como nas letras mais recentes do artista, o livro \u00e9 carregado de lirismo e poesia. Amoras, inclusive, \u00e9 <a href=\"https:\/\/www.youtube.com\/watch?v=0GY-AJdqJyk\" target=\"_blank\" rel=\"noreferrer noopener nofollow\">uma de suas m\u00fasicas<\/a>: &#8220;Que a do\u00e7ura das frutinhas sabor acalanto\/ Fez a crian\u00e7a sozinha alcan\u00e7ar a conclus\u00e3o\/ Papai que bom, porque eu sou pretinha tamb\u00e9m&#8221;.<\/p>\n\n\n\n<p>O livro segue esta mensagem, de <strong>promover o orgulho da pr\u00f3pria cor <\/strong>e de ensinar a respeitar quem \u00e9 diferente. \ud83d\udc4f<\/p>\n\n\n\n<h3 class=\"wp-block-heading\"><span class=\"ez-toc-section\" id=\"volta-ao-mundo-em-52-historias\"><\/span><a href=\"http:\/\/amazon.com.br\/Volta-mundo-hist\u00f3rias-Neil-Philip\/dp\/8574060259?tag\" rel=\"nofollow noopener\" target=\"_blank\">Volta ao mundo em 52 hist\u00f3rias<\/a><span class=\"ez-toc-section-end\"><\/span><\/h3>\n\n\n<div class=\"wp-block-image\">\n<figure class=\"aligncenter size-large\"><img decoding=\"async\" width=\"390\" height=\"499\" src=\"https:\/\/eyc7xs8f99a.exactdn.com\/blog\/wp-content\/uploads\/volta-ao-mundo-em-52-historias.jpg?strip=all&lossy=1&resize=390%2C499&ssl=1\" alt=\"Volta ao mundo em 52 hist\u00f3rias\" class=\"wp-image-868\"\/><\/figure><\/div>\n\n\n<p>Cole\u00e7\u00e3o cl\u00e1ssica que <strong>apresenta 52 contos de fadas de 33 pa\u00edses<\/strong>, o que \u00e9 \u00f3timo por apresentar v\u00e1rias culturas para as crian\u00e7as. Inclusive, o livro traz algumas que <strong>s\u00e3o muito pouco conhecidas aqui no Brasil<\/strong>.<\/p>\n\n\n\n<p>\u00c9 o caso de &#8220;Soliday e o corvo&#8221;, uma hist\u00f3ria jamaicana, e a &#8220;A raposa manca&#8221;, conto tcheco que dificilmente \u00e9 lido aqui no Brasil.<\/p>\n\n\n\n<p>Al\u00e9m destas, tamb\u00e9m est\u00e3o aqui as hist\u00f3rias cl\u00e1ssicas, como Chap\u00e9uzinho Vermelho. <\/p>\n\n\n\n<p>O livro ainda vai al\u00e9m e traz informa\u00e7\u00f5es complementares sobre cada uma delas, e dos per\u00edodos e pa\u00edses em que foram escritas. <\/p>\n\n\n\n<p>No entanto, um aviso: os textos s\u00e3o adapta\u00e7\u00f5es dos \u201ccontos de fadas originais\u201d, por assim dizer. <strong>Por isso, alguns n\u00e3o tem final feliz<\/strong>. Isso n\u00e3o \u00e9 necessariamente ruim, mas pode causar algum estranhamento.&nbsp;<\/p>\n\n\n\n<p>Vale a pena folhear o livro antes de presentear, para voc\u00ea decidir se deixa a crian\u00e7a ler estas hist\u00f3rias sozinha, ou se \u00e9 melhor ler algumas para ela.<\/p>\n\n\n\n<h3 class=\"wp-block-heading\"><span class=\"ez-toc-section\" id=\"sr-boaventura\"><\/span><a href=\"http:\/\/amazon.com.br\/Sr-Boaventura-J-R-R-Tolkien\/dp\/8595085684?tag\" rel=\"nofollow noopener\" target=\"_blank\">Sr. Boaventura<\/a><span class=\"ez-toc-section-end\"><\/span><\/h3>\n\n\n<div class=\"wp-block-image\">\n<figure class=\"aligncenter size-large\"><img decoding=\"async\" width=\"500\" height=\"373\" src=\"https:\/\/eyc7xs8f99a.exactdn.com\/blog\/wp-content\/uploads\/sr-boaventura.jpg?strip=all&lossy=1&resize=500%2C373&ssl=1\" alt=\"Sr. Boaventura\" class=\"wp-image-865\"\/><\/figure><\/div>\n\n\n<p>Voc\u00ea conhece Tolkien por O Senhor dos An\u00e9is, mas Sr. Boaventura tamb\u00e9m \u00e9 um de seus cl\u00e1ssicos, que tem muito pouco a ver com as aventuras dos hobbits na Terra M\u00e9dia.<\/p>\n\n\n\n<p>A obra \u00e9 uma <strong>hist\u00f3ria escrita por Tolkien para seus filhos<\/strong>.<\/p>\n\n\n\n<p>Ela narra os feitos de Sr. Boaventura e de seu bichinho de estima\u00e7\u00e3o, o Girafoelho, que tentam visitar seus amigos Broncos. Mas eles viajam de carro e o Sr. Boaventura \u00e9 um p\u00e9ssimo motorista!<\/p>\n\n\n\n<p>Al\u00e9m da qualidade da hist\u00f3ria em si, pais tamb\u00e9m <strong>destacam a boa edi\u00e7\u00e3o brasileira<\/strong>, diagramada com a caligrafia de Tolkien e com boa qualidade no material e nas ilustra\u00e7\u00f5es. <\/p>\n\n\n\n<p><strong>\u00d3timo presente para crian\u00e7as e adultos<\/strong>. Leitura indicada para v\u00e1rias faixas de idade diferentes.<\/p>\n\n\n\n<blockquote class=\"wp-block-quote is-layout-flow wp-block-quote-is-layout-flow\">\n<p>No caso de Sr. Boaventura, Tolkien n\u00e3o apenas fez um conto lindo e engra\u00e7ado, mas inseriu nele elementos biogr\u00e1ficos que os filhos, ao identificarem durante a narrativa, n\u00e3o conseguiam parar de rir. Assim como o pr\u00f3prio Tolkien, por exemplo, o Sr. Boaventura \u00e9 um p\u00e9ssimo motorista.<\/p>\n<cite>Paulo Henrique, leitor. <\/cite><\/blockquote>\n\n\n\n<h2 class=\"wp-block-heading\"><span class=\"ez-toc-section\" id=\"livros-infantis-com-camadas-extras-para-adultos\"><\/span>Livros infantis com camadas extras para adultos<span class=\"ez-toc-section-end\"><\/span><\/h2>\n\n\n\n<p>Diversos livros da lista acima tem o potencial de encantar crian\u00e7as e adultos. Mas, estes v\u00e3o al\u00e9m, pois possuem hist\u00f3rias em camadas.&nbsp;<\/p>\n\n\n\n<p>As primeiras camadas prendem a aten\u00e7\u00e3o de crian\u00e7as com narrativas fant\u00e1sticas e divertidas. Nesse ponto, s\u00e3o leituras perfeitas para crian\u00e7as de 10 anos.<\/p>\n\n\n\n<p>Por\u00e9m, possuem tamb\u00e9m camadas mais profundas que cont\u00eam reflex\u00f5es pertinentes aos mais velhos e que passam despercebidas pelas crian\u00e7as.<\/p>\n\n\n\n<h3 class=\"wp-block-heading\"><span class=\"ez-toc-section\" id=\"o-urso-que-nao-era\"><\/span><a href=\"http:\/\/amazon.com.br\/Urso-que-n\u00e3o-Era\/dp\/8575596381\/?tag\" target=\"_blank\" rel=\"noreferrer noopener nofollow\">O urso que n\u00e3o era<\/a><span class=\"ez-toc-section-end\"><\/span><\/h3>\n\n\n<div class=\"wp-block-image is-resized\">\n<figure class=\"aligncenter size-large\"><img decoding=\"async\" width=\"813\" height=\"1250\" src=\"https:\/\/eyc7xs8f99a.exactdn.com\/blog\/wp-content\/uploads\/o-urso-que-nao-era.jpg?strip=all&lossy=1&ssl=1\" alt=\"O urso que n\u00e3o era\" class=\"wp-image-872\" style=\"width:337px;height:auto\" srcset=\"https:\/\/eyc7xs8f99a.exactdn.com\/blog\/wp-content\/uploads\/o-urso-que-nao-era.jpg?strip=all&amp;lossy=1&amp;ssl=1 813w, https:\/\/eyc7xs8f99a.exactdn.com\/blog\/wp-content\/uploads\/o-urso-que-nao-era-390x600.jpg?strip=all&amp;lossy=1&amp;ssl=1 390w, https:\/\/eyc7xs8f99a.exactdn.com\/blog\/wp-content\/uploads\/o-urso-que-nao-era-768x1181.jpg?strip=all&amp;lossy=1&amp;ssl=1 768w, https:\/\/eyc7xs8f99a.exactdn.com\/blog\/wp-content\/uploads\/o-urso-que-nao-era.jpg?strip=all&amp;lossy=1&amp;w=162&amp;ssl=1 162w, https:\/\/eyc7xs8f99a.exactdn.com\/blog\/wp-content\/uploads\/o-urso-que-nao-era.jpg?strip=all&amp;lossy=1&amp;w=325&amp;ssl=1 325w, https:\/\/eyc7xs8f99a.exactdn.com\/blog\/wp-content\/uploads\/o-urso-que-nao-era.jpg?strip=all&amp;lossy=1&amp;w=487&amp;ssl=1 487w, https:\/\/eyc7xs8f99a.exactdn.com\/blog\/wp-content\/uploads\/o-urso-que-nao-era.jpg?strip=all&amp;lossy=1&amp;w=650&amp;ssl=1 650w\" sizes=\"(max-width: 813px) 100vw, 813px\" \/><\/figure><\/div>\n\n\n<p>Este aqui \u00e9 um <strong>livro infantil que est\u00e1 na lista das principais literaturas sobre sociologia de classe<\/strong> na Amazon. <\/p>\n\n\n\n<p>Combina\u00e7\u00e3o pouco usual, mas que faz muito sentido: nesta hist\u00f3ria, um urso hiberna no inverno e, quando acorda, v\u00ea que constru\u00edram uma f\u00e1brica em cima do lugar em que ele estava dormindo. <\/p>\n\n\n\n<p>Agora ele se v\u00ea obrigado a provar para o dono que \u00e9 um urso, e n\u00e3o um funcion\u00e1rio! <\/p>\n\n\n\n<p>O livro foi criado por um dos <strong>roteiristas cl\u00e1ssicos dos Looney Tunes<\/strong> na d\u00e9cada de 1940, e apresenta diversas camadas de interpreta\u00e7\u00e3o: para as crian\u00e7as, uma hist\u00f3ria divertida e maluca, e para os adultos, <strong>uma cr\u00edtica bem-humorada \u00e0 aliena\u00e7\u00e3o do trabalho<\/strong>.<\/p>\n\n\n\n<h3 class=\"wp-block-heading\"><span class=\"ez-toc-section\" id=\"calvin-e-haroldo-%e2%80%93-o-mundo-e-magico\"><\/span><a href=\"http:\/\/amazon.com.br\/Calvin-Haroldo-Mundo-\u00e9-M\u00e1gico\/dp\/8576163756?tag\" rel=\"nofollow noopener\" target=\"_blank\">Calvin e Haroldo &#8211; O Mundo \u00e9 M\u00e1gico<\/a><span class=\"ez-toc-section-end\"><\/span><\/h3>\n\n\n<div class=\"wp-block-image is-resized\">\n<figure class=\"aligncenter size-large\"><img decoding=\"async\" width=\"1284\" height=\"1000\" src=\"https:\/\/eyc7xs8f99a.exactdn.com\/blog\/wp-content\/uploads\/Calvin-e-Haroldo.jpg?strip=all&lossy=1&ssl=1\" alt=\"Calvin e Haroldo\" class=\"wp-image-870\" style=\"width:564px;height:auto\" srcset=\"https:\/\/eyc7xs8f99a.exactdn.com\/blog\/wp-content\/uploads\/Calvin-e-Haroldo.jpg?strip=all&amp;lossy=1&amp;ssl=1 1284w, https:\/\/eyc7xs8f99a.exactdn.com\/blog\/wp-content\/uploads\/Calvin-e-Haroldo-770x600.jpg?strip=all&amp;lossy=1&amp;ssl=1 770w, https:\/\/eyc7xs8f99a.exactdn.com\/blog\/wp-content\/uploads\/Calvin-e-Haroldo-768x598.jpg?strip=all&amp;lossy=1&amp;ssl=1 768w, https:\/\/eyc7xs8f99a.exactdn.com\/blog\/wp-content\/uploads\/Calvin-e-Haroldo.jpg?strip=all&amp;lossy=1&amp;w=256&amp;ssl=1 256w, https:\/\/eyc7xs8f99a.exactdn.com\/blog\/wp-content\/uploads\/Calvin-e-Haroldo.jpg?strip=all&amp;lossy=1&amp;w=513&amp;ssl=1 513w, https:\/\/eyc7xs8f99a.exactdn.com\/blog\/wp-content\/uploads\/Calvin-e-Haroldo.jpg?strip=all&amp;lossy=1&amp;w=1027&amp;ssl=1 1027w\" sizes=\"(max-width: 1250px) 100vw, 1250px\" \/><\/figure><\/div>\n\n\n<p>Literatura c\u00f4mica,<strong> leve e divertida para crian\u00e7as, com reflex\u00f5es profundas sobre a vida para os adultos<\/strong>. Cl\u00e1ssico atemporal, que diverte os pequenos com a imagina\u00e7\u00e3o aflorada dos personagens-t\u00edtulo.&nbsp;<\/p>\n\n\n\n<p>Calvin \u00e9 um menino bagunceiro que imagina todo tipo de aventura ao lado de seu tigre de pel\u00facia, Haroldo. S\u00e3o hist\u00f3rias em quadrinhos na maioria das vezes curtas, com tr\u00eas ou quatro quadros, originalmente publicadas em jornais.<\/p>\n\n\n\n<p>Esse \u00e9 o primeiro volume de uma s\u00e9rie de compila\u00e7\u00f5es, mas a obra \u00e9 muito mais vasta! Caso as crian\u00e7as gostem do primeiro, voc\u00ea j\u00e1 tem v\u00e1rios presentes na manga para as pr\u00f3ximas datas especiais. \ud83d\ude05<\/p>\n\n\n\n<h3 class=\"wp-block-heading\"><span class=\"ez-toc-section\" id=\"o-pequeno-principe\"><\/span><a href=\"https:\/\/www.amazon.com.br\/Pequeno-Pr%C3%ADncipe-Edi%C3%A7%C3%A3o-Luxo\/dp\/8581303072?tag=otomodospais-20\" rel=\"nofollow noopener\" target=\"_blank\">O pequeno pr\u00edncipe<\/a><span class=\"ez-toc-section-end\"><\/span><\/h3>\n\n\n<div class=\"wp-block-image is-resized\">\n<figure class=\"aligncenter size-large\"><img decoding=\"async\" width=\"600\" height=\"863\" src=\"https:\/\/eyc7xs8f99a.exactdn.com\/blog\/wp-content\/uploads\/O-Pequeno-Principe-1.jpg?strip=all&lossy=1&ssl=1\" alt=\"O Pequeno Pr\u00edncipe\" class=\"wp-image-873\" style=\"width:369px;height:auto\" srcset=\"https:\/\/eyc7xs8f99a.exactdn.com\/blog\/wp-content\/uploads\/O-Pequeno-Principe-1.jpg?strip=all&amp;lossy=1&amp;ssl=1 600w, https:\/\/eyc7xs8f99a.exactdn.com\/blog\/wp-content\/uploads\/O-Pequeno-Principe-1-417x600.jpg?strip=all&amp;lossy=1&amp;ssl=1 417w, https:\/\/eyc7xs8f99a.exactdn.com\/blog\/wp-content\/uploads\/O-Pequeno-Principe-1.jpg?strip=all&amp;lossy=1&amp;w=120&amp;ssl=1 120w, https:\/\/eyc7xs8f99a.exactdn.com\/blog\/wp-content\/uploads\/O-Pequeno-Principe-1.jpg?strip=all&amp;lossy=1&amp;w=240&amp;ssl=1 240w, https:\/\/eyc7xs8f99a.exactdn.com\/blog\/wp-content\/uploads\/O-Pequeno-Principe-1.jpg?strip=all&amp;lossy=1&amp;w=360&amp;ssl=1 360w, https:\/\/eyc7xs8f99a.exactdn.com\/blog\/wp-content\/uploads\/O-Pequeno-Principe-1.jpg?strip=all&amp;lossy=1&amp;w=480&amp;ssl=1 480w\" sizes=\"(max-width: 600px) 100vw, 600px\" \/><\/figure><\/div>\n\n\n<p>Outro cl\u00e1ssico da literatura mundial, famoso por ter mensagens reflexivas e filos\u00f3ficas para adultos, dentro de um livro com todos os atrativos para as crian\u00e7as.<\/p>\n\n\n\n<p>Existem muitas edi\u00e7\u00f5es no Brasil, com variedades de formatos, ilustra\u00e7oes e estilos. <\/p>\n\n\n\n<p>Para as crian\u00e7as, <strong>ela \u00e9 uma hist\u00f3ria sobre um Pr\u00edncipe que conhece um mundo fant\u00e1stico e v\u00e1rios personagens diferentes<\/strong> do que ele est\u00e1 acostumado a ver.<\/p>\n\n\n\n<p>Para os adultos, passa a mensagem de que <strong>\u00e0s vezes \u00e9 necess\u00e1rio olhar para o mundo com a pureza de uma crian\u00e7a<\/strong>. <\/p>\n\n\n\n<h3 class=\"wp-block-heading\"><span class=\"ez-toc-section\" id=\"a-historia-sem-fim\"><\/span><a href=\"https:\/\/www.amazon.com.br\/Hist%C3%B3ria-sem-fim-Michel-Ende\/dp\/6555540028?tag=otomodospais-20\" rel=\"nofollow noopener\" target=\"_blank\">A hist\u00f3ria sem fim<\/a><span class=\"ez-toc-section-end\"><\/span><\/h3>\n\n\n<div class=\"wp-block-image\">\n<figure class=\"aligncenter size-full is-resized\"><a href=\"https:\/\/www.amazon.com.br\/Hist%C3%B3ria-sem-fim-Michel-Ende\/dp\/6555540028?tag=otomodospais-20\" rel=\"nofollow noopener\" target=\"_blank\"><img decoding=\"async\" width=\"794\" height=\"1250\" src=\"https:\/\/eyc7xs8f99a.exactdn.com\/blog\/wp-content\/uploads\/a-historia-sem-fim.jpg?strip=all&lossy=1&ssl=1\" alt=\"capa do livro a hist\u00f3ria sem fim\" class=\"wp-image-3876\" style=\"aspect-ratio:0.6352;width:264px;height:auto\" srcset=\"https:\/\/eyc7xs8f99a.exactdn.com\/blog\/wp-content\/uploads\/a-historia-sem-fim.jpg?strip=all&amp;lossy=1&amp;ssl=1 794w, https:\/\/eyc7xs8f99a.exactdn.com\/blog\/wp-content\/uploads\/a-historia-sem-fim-381x600.jpg?strip=all&amp;lossy=1&amp;ssl=1 381w, https:\/\/eyc7xs8f99a.exactdn.com\/blog\/wp-content\/uploads\/a-historia-sem-fim-768x1209.jpg?strip=all&amp;lossy=1&amp;ssl=1 768w, https:\/\/eyc7xs8f99a.exactdn.com\/blog\/wp-content\/uploads\/a-historia-sem-fim.jpg?strip=all&amp;lossy=1&amp;w=158&amp;ssl=1 158w, https:\/\/eyc7xs8f99a.exactdn.com\/blog\/wp-content\/uploads\/a-historia-sem-fim.jpg?strip=all&amp;lossy=1&amp;w=317&amp;ssl=1 317w, https:\/\/eyc7xs8f99a.exactdn.com\/blog\/wp-content\/uploads\/a-historia-sem-fim.jpg?strip=all&amp;lossy=1&amp;w=476&amp;ssl=1 476w, https:\/\/eyc7xs8f99a.exactdn.com\/blog\/wp-content\/uploads\/a-historia-sem-fim.jpg?strip=all&amp;lossy=1&amp;w=635&amp;ssl=1 635w\" sizes=\"(max-width: 794px) 100vw, 794px\" \/><\/a><\/figure><\/div>\n\n\n<p>Best-seller alem\u00e3o que j\u00e1 foi traduzido para mais de 44 idiomas. Acompanha a hist\u00f3ria de um menino que fica obcecado por um livro! Ao ler as p\u00e1ginas ele conhece o mundo de \u201cFantasia\u201d, que est\u00e1 sendo amea\u00e7ado por uma for\u00e7a maligna que cresce cada vez mais.<\/p>\n\n\n\n<p>A hist\u00f3ria fala da import\u00e2ncia deste mundo m\u00e1gico, para qual o menino se \u201ctransporta\u201d quando precisa dar uma escapadinha dos problemas, como as provas de matem\u00e1tica<\/p>\n\n\n\n<p>Para crian\u00e7as,<strong> fala sobre um mundo de fantasia<\/strong>, no qual os grandes her\u00f3is s\u00e3o iguais a ela. E, para os adultos, \u00e9 um lembrete poderoso de como<strong> a imagina\u00e7\u00e3o \u00e9 importante em um mundo t\u00e3o corrido<\/strong>. \ud83d\ude09<\/p>\n\n\n\n<p>Inclusive, \u00e9 at\u00e9 recomendado <strong>ler junto com a crian\u00e7a<\/strong>, se puder. O livro \u00e9 indicado para crian\u00e7as de 9 anos ou mais, mas algumas partes podem ser complexas.&nbsp;<\/p>\n\n\n\n<p>Mesmo que n\u00e3o leia junto, tente se envolver de alguma forma. Pode ser perguntando sobre trechos da hist\u00f3ria, se est\u00e1 gostando, se est\u00e1 entendendo tudo, etc.<\/p>\n\n\n\n<h2 class=\"wp-block-heading\"><span class=\"ez-toc-section\" id=\"colecoes-de-livros-infanto-juvenil\"><\/span>Cole\u00e7\u00f5es de livros infanto-juvenil<span class=\"ez-toc-section-end\"><\/span><\/h2>\n\n\n\n<p>As cole\u00e7\u00f5es s\u00e3o uma \u00f3tima escolha para presentear algu\u00e9m que <strong>j\u00e1 gosta de ler.<\/strong> S\u00e3o hist\u00f3rias longas que v\u00e3o acompanh\u00e1-lo durante muito tempo!&nbsp; <\/p>\n\n\n\n<p>Algumas cole\u00e7\u00f5es chegam a ter <strong>mais de 1000 p\u00e1ginas. <\/strong>Um leitor interessado devora em pouco tempo, mas quem n\u00e3o gosta de ler at\u00e9 desanima de come\u00e7ar. \ud83d\ude02<\/p>\n\n\n\n<p>S\u00e3o bons livros para crian\u00e7as de 10 anos, e continuam muito divertidos para crian\u00e7as mais velhas. Ou seja, pode comprar sem medo: mesmo que a crian\u00e7a demore para ler tudo, ela n\u00e3o vai enjoar dessas cole\u00e7\u00f5es quando fizer 12 ou 13 anos. \ud83d\ude09<\/p>\n\n\n\n<h3 class=\"wp-block-heading\"><span class=\"ez-toc-section\" id=\"colecao-viloes-disney\"><\/span><a href=\"https:\/\/www.amazon.com.br\/s?k=cole%C3%A7%C3%A3o+vil%C3%B5es+da+disney+box&amp;i=stripbooks&amp;ref=nb_sb_ss_fb_1_22&amp;tag=otomodospais-20\" target=\"_blank\" rel=\"noreferrer noopener nofollow\">Cole\u00e7\u00e3o Vil\u00f5es Disney<\/a><span class=\"ez-toc-section-end\"><\/span><\/h3>\n\n\n<div class=\"wp-block-image\">\n<figure class=\"aligncenter size-large is-resized\"><a href=\"https:\/\/www.amazon.com.br\/s?k=cole%C3%A7%C3%A3o+vil%C3%B5es+da+disney+box&amp;i=stripbooks&amp;ref=nb_sb_ss_fb_1_22&amp;tag=otomodospais-20\" rel=\"nofollow noopener\" target=\"_blank\"><img decoding=\"async\" width=\"853\" height=\"1250\" src=\"https:\/\/eyc7xs8f99a.exactdn.com\/blog\/wp-content\/uploads\/viloes-da-disney-853x1250.jpg?strip=all&lossy=1&ssl=1\" alt=\"\" class=\"wp-image-3884\" style=\"aspect-ratio:0.6824;width:301px;height:auto\" srcset=\"https:\/\/eyc7xs8f99a.exactdn.com\/blog\/wp-content\/uploads\/viloes-da-disney-853x1250.jpg?strip=all&amp;lossy=1&amp;ssl=1 853w, https:\/\/eyc7xs8f99a.exactdn.com\/blog\/wp-content\/uploads\/viloes-da-disney-410x600.jpg?strip=all&amp;lossy=1&amp;ssl=1 410w, https:\/\/eyc7xs8f99a.exactdn.com\/blog\/wp-content\/uploads\/viloes-da-disney-768x1125.jpg?strip=all&amp;lossy=1&amp;ssl=1 768w, https:\/\/eyc7xs8f99a.exactdn.com\/blog\/wp-content\/uploads\/viloes-da-disney.jpg?strip=all&amp;lossy=1&amp;ssl=1 1024w, https:\/\/eyc7xs8f99a.exactdn.com\/blog\/wp-content\/uploads\/viloes-da-disney.jpg?strip=all&amp;lossy=1&amp;w=204&amp;ssl=1 204w, https:\/\/eyc7xs8f99a.exactdn.com\/blog\/wp-content\/uploads\/viloes-da-disney.jpg?strip=all&amp;lossy=1&amp;w=614&amp;ssl=1 614w\" sizes=\"(max-width: 853px) 100vw, 853px\" \/><\/a><\/figure><\/div>\n\n\n<p>Cole\u00e7\u00e3o que revela o passado dos vil\u00f5es marcantes da Disney. S\u00e3o livros com cerca de 200 p\u00e1ginas cada, que mostra a origem deles, porque se tornaram maus, se passaram por algum trauma, e por a\u00ed vai.<\/p>\n\n\n\n<p>Os livros explicam aquele conceito de que <strong>toda hist\u00f3ria tem dois lados<\/strong>. E que mesmo um vil\u00e3o tem qualidades e <strong>pode at\u00e9 se redimir <\/strong>dos seus atos.&nbsp;<\/p>\n\n\n\n<p>Esses temas s\u00e3o complexos, ent\u00e3o pode come\u00e7ar a leitura aos 10 anos, mas \u00e9 legal conversar com a crian\u00e7a sobre os livros. Tente entender se a crian\u00e7a est\u00e1 entendendo a hist\u00f3rias, as nuances, se tem algum trecho traum\u00e1tico, ou algo assim.<\/p>\n\n\n\n<p>Tem livros da <strong>Rainha M\u00e1, Capit\u00e3o Gancho, Cruella, Mam\u00e3e Bruxa, Irm\u00e3s Esquisitas, Mal\u00e9vola, Cora\u00e7\u00e3o Gelado, Fera, Hades<\/strong>, entre outros.<\/p>\n\n\n\n<h3 class=\"wp-block-heading\"><span class=\"ez-toc-section\" id=\"as-extraordinarias-aventuras-de-julio-verne\"><\/span><a href=\"http:\/\/amazon.com.br\/As-extraordin\u00e1rias-viagens-J\u00falio-Verne\/dp\/B08Y3CV67L\/?tag\" target=\"_blank\" rel=\"noreferrer noopener nofollow\">As extraordin\u00e1rias aventuras de J\u00falio Verne<\/a><span class=\"ez-toc-section-end\"><\/span><\/h3>\n\n\n<div class=\"wp-block-image\">\n<figure class=\"aligncenter size-full is-resized\"><a href=\"https:\/\/www.amazon.com.br\/As-extraordin%C3%A1rias-viagens-J%C3%BAlio-Verne\/dp\/B08Y3CV67L\/ref=asc_df_B08Y3CV67L\/?hvadid=379738402701&amp;hvpos&amp;hvnetw=g&amp;hvrand=6953152652516589406&amp;hvpone&amp;hvptwo&amp;hvqmt&amp;hvdev=c&amp;hvdvcmdl&amp;hvlocint&amp;hvlocphy=1031502&amp;hvtargid=pla-1204626731216&amp;psc=1&amp;mcid=f11fa36dff383872888b95d77f76a6c2&amp;tag=otomodospais-20\" rel=\"nofollow noopener\" target=\"_blank\"><img decoding=\"async\" width=\"1083\" height=\"1250\" src=\"https:\/\/eyc7xs8f99a.exactdn.com\/blog\/wp-content\/uploads\/box-julio-verne.jpg?strip=all&lossy=1&ssl=1\" alt=\"box com seis livros do julio verne\" class=\"wp-image-3880\" style=\"aspect-ratio:0.8664;width:353px;height:auto\" srcset=\"https:\/\/eyc7xs8f99a.exactdn.com\/blog\/wp-content\/uploads\/box-julio-verne.jpg?strip=all&amp;lossy=1&amp;ssl=1 1083w, https:\/\/eyc7xs8f99a.exactdn.com\/blog\/wp-content\/uploads\/box-julio-verne-520x600.jpg?strip=all&amp;lossy=1&amp;ssl=1 520w, https:\/\/eyc7xs8f99a.exactdn.com\/blog\/wp-content\/uploads\/box-julio-verne-768x886.jpg?strip=all&amp;lossy=1&amp;ssl=1 768w, https:\/\/eyc7xs8f99a.exactdn.com\/blog\/wp-content\/uploads\/box-julio-verne.jpg?strip=all&amp;lossy=1&amp;w=216&amp;ssl=1 216w, https:\/\/eyc7xs8f99a.exactdn.com\/blog\/wp-content\/uploads\/box-julio-verne.jpg?strip=all&amp;lossy=1&amp;w=433&amp;ssl=1 433w, https:\/\/eyc7xs8f99a.exactdn.com\/blog\/wp-content\/uploads\/box-julio-verne.jpg?strip=all&amp;lossy=1&amp;w=649&amp;ssl=1 649w, https:\/\/eyc7xs8f99a.exactdn.com\/blog\/wp-content\/uploads\/box-julio-verne.jpg?strip=all&amp;lossy=1&amp;w=866&amp;ssl=1 866w\" sizes=\"(max-width: 1083px) 100vw, 1083px\" \/><\/a><\/figure><\/div>\n\n\n<p>J\u00falio Verne \u00e9 um dos autores cl\u00e1ssicos mais famosos. At\u00e9 tem uma recomenda\u00e7\u00e3o dele no topo do texto, o livro interativo da Volta ao Mundo em 80 dias!<\/p>\n\n\n\n<p>Esta cole\u00e7\u00e3o inclui <strong>seis livros <\/strong>com hist\u00f3rias de fantasia e fic\u00e7\u00e3o cient\u00edfica. Algumas s\u00e3o bem famosas, como Viagem ao Centro da Terra, e Vinte Mil L\u00e9guas Submarinas. Livro perfeito para jovens aventureiros e exploradores!&nbsp;<\/p>\n\n\n\n<h3 class=\"wp-block-heading\"><span class=\"ez-toc-section\" id=\"colecao-harry-potter\"><\/span><a href=\"http:\/\/amazon.com.br\/Caixa-Harry-Potter-Edi\u00e7\u00e3o-Premium\/dp\/8532505708?tag\" target=\"_blank\" rel=\"noreferrer noopener nofollow\">Cole\u00e7\u00e3o Harry Potter<\/a><span class=\"ez-toc-section-end\"><\/span><\/h3>\n\n\n<div class=\"wp-block-image\">\n<figure class=\"aligncenter size-full is-resized\"><a href=\"https:\/\/www.amazon.com.br\/Caixa-Harry-Potter-Edi%C3%A7%C3%A3o-Premium\/dp\/8532505708\/ref=sr_1_1?__mk_pt_BR=%C3%85M%C3%85%C5%BD%C3%95%C3%91&amp;keywords=box+harry+potter&amp;s=books&amp;sr=1-1&amp;ufe=app_do%3Aamzn1.fos.6a09f7ec-d911-4889-ad70-de8dd83c8a74&amp;tag=otomodospais-20\" rel=\"nofollow noopener\" target=\"_blank\"><img decoding=\"async\" width=\"859\" height=\"1014\" src=\"https:\/\/eyc7xs8f99a.exactdn.com\/blog\/wp-content\/uploads\/box-harry-potter.jpg?strip=all&lossy=1&ssl=1\" alt=\"box com os sete livros do harry potter\" class=\"wp-image-3879\" style=\"aspect-ratio:0.8471400394477318;width:361px;height:auto\" srcset=\"https:\/\/eyc7xs8f99a.exactdn.com\/blog\/wp-content\/uploads\/box-harry-potter.jpg?strip=all&amp;lossy=1&amp;ssl=1 859w, https:\/\/eyc7xs8f99a.exactdn.com\/blog\/wp-content\/uploads\/box-harry-potter-508x600.jpg?strip=all&amp;lossy=1&amp;ssl=1 508w, https:\/\/eyc7xs8f99a.exactdn.com\/blog\/wp-content\/uploads\/box-harry-potter-768x907.jpg?strip=all&amp;lossy=1&amp;ssl=1 768w, https:\/\/eyc7xs8f99a.exactdn.com\/blog\/wp-content\/uploads\/box-harry-potter.jpg?strip=all&amp;lossy=1&amp;w=171&amp;ssl=1 171w, https:\/\/eyc7xs8f99a.exactdn.com\/blog\/wp-content\/uploads\/box-harry-potter.jpg?strip=all&amp;lossy=1&amp;w=343&amp;ssl=1 343w, https:\/\/eyc7xs8f99a.exactdn.com\/blog\/wp-content\/uploads\/box-harry-potter.jpg?strip=all&amp;lossy=1&amp;w=687&amp;ssl=1 687w\" sizes=\"(max-width: 859px) 100vw, 859px\" \/><\/a><\/figure><\/div>\n\n\n<p>Um dos mais cl\u00e1ssicos! S\u00e3o 7 livros que contam a hist\u00f3ria de um menino que descobre ser bruxo. No come\u00e7o da saga o Harry tem por volta de 10 anos, e no final est\u00e1 com 17.<\/p>\n\n\n\n<p>Se n\u00e3o quiser comprar todos os livros de uma vez, uma ideia legal \u00e9<strong> comprar um por ano<\/strong>. Assim a crian\u00e7a acompanha a idade dos personagens e se identifica mais.<\/p>\n\n\n\n<p>Caso compre todos de uma vez, precisa conversar com a crian\u00e7a conforme ela for avan\u00e7ando na leitura. Os primeiros livros s\u00e3o leves e cheios de imagina\u00e7\u00e3o, mas aos poucos a trama fica mais pesada.&nbsp;<\/p>\n\n\n\n<p>Vale a pena comprar os livros mesmo se a crian\u00e7a j\u00e1 assistiu os filmes. <strong>Tem v\u00e1rios detalhes que n\u00e3o foram para as telonas. <\/strong><\/p>\n\n\n\n<h3 class=\"wp-block-heading\"><span class=\"ez-toc-section\" id=\"box-uma-dobra-no-tempo-a-serie-completa\"><\/span><a href=\"http:\/\/amazon.com.br\/Box-Uma-dobra-tempo-completa\/dp\/655511228X\/?tag\" target=\"_blank\" rel=\"noreferrer noopener nofollow\">Box Uma dobra no tempo, a s\u00e9rie completa<\/a><span class=\"ez-toc-section-end\"><\/span><\/h3>\n\n\n<div class=\"wp-block-image\">\n<figure class=\"aligncenter size-full is-resized\"><a href=\"https:\/\/www.amazon.com.br\/Box-Uma-dobra-tempo-completa\/dp\/655511228X\/ref=sr_1_2?__mk_pt_BR=%C3%85M%C3%85%C5%BD%C3%95%C3%91&amp;keywords=dobra+no+tempo&amp;s=books&amp;sr=1-2&amp;ufe=app_do%3Aamzn1.fos.6d798eae-cadf-45de-946a-f477d47705b9&amp;tag=otomodospais-20\" rel=\"nofollow noopener\" target=\"_blank\"><img decoding=\"async\" width=\"853\" height=\"1250\" src=\"https:\/\/eyc7xs8f99a.exactdn.com\/blog\/wp-content\/uploads\/uma-dobra-no-tempo.jpg?strip=all&lossy=1&ssl=1\" alt=\"box uma dobra no tempo\" class=\"wp-image-3883\" style=\"aspect-ratio:0.6824;width:264px;height:auto\" srcset=\"https:\/\/eyc7xs8f99a.exactdn.com\/blog\/wp-content\/uploads\/uma-dobra-no-tempo.jpg?strip=all&amp;lossy=1&amp;ssl=1 853w, https:\/\/eyc7xs8f99a.exactdn.com\/blog\/wp-content\/uploads\/uma-dobra-no-tempo-409x600.jpg?strip=all&amp;lossy=1&amp;ssl=1 409w, https:\/\/eyc7xs8f99a.exactdn.com\/blog\/wp-content\/uploads\/uma-dobra-no-tempo-768x1125.jpg?strip=all&amp;lossy=1&amp;ssl=1 768w, https:\/\/eyc7xs8f99a.exactdn.com\/blog\/wp-content\/uploads\/uma-dobra-no-tempo.jpg?strip=all&amp;lossy=1&amp;w=170&amp;ssl=1 170w, https:\/\/eyc7xs8f99a.exactdn.com\/blog\/wp-content\/uploads\/uma-dobra-no-tempo.jpg?strip=all&amp;lossy=1&amp;w=341&amp;ssl=1 341w, https:\/\/eyc7xs8f99a.exactdn.com\/blog\/wp-content\/uploads\/uma-dobra-no-tempo.jpg?strip=all&amp;lossy=1&amp;w=511&amp;ssl=1 511w, https:\/\/eyc7xs8f99a.exactdn.com\/blog\/wp-content\/uploads\/uma-dobra-no-tempo.jpg?strip=all&amp;lossy=1&amp;w=682&amp;ssl=1 682w\" sizes=\"(max-width: 853px) 100vw, 853px\" \/><\/a><\/figure><\/div>\n\n\n<p>Cole\u00e7\u00e3o de 5 livros de fic\u00e7\u00e3o cient\u00edfica lan\u00e7ados em 1962 e que se tornaram cl\u00e1ssicos desde ent\u00e3o. A saga acompanha dois irm\u00e3os que recebem uma visita inesperada e partem para salvar o mundo!&nbsp;<\/p>\n\n\n\n<p>\u00c9 uma leitura tranquila para crian\u00e7as de 10 anos, mesmo tendo alguns temas e detalhes complexos. A hist\u00f3ria trabalha assuntos como DNA, viagem no tempo, alien\u00edgenas, e muito mais.<\/p>\n\n\n\n<h3 class=\"wp-block-heading\"><span class=\"ez-toc-section\" id=\"box-o-castelo-animado\"><\/span><a href=\"http:\/\/amazon.com.br\/castelo-animado-Diana-Wynne-Jones\/dp\/8501304352\/?tag\" target=\"_blank\" rel=\"noreferrer noopener nofollow\">Box O Castelo Animado<\/a><span class=\"ez-toc-section-end\"><\/span><\/h3>\n\n\n<div class=\"wp-block-image\">\n<figure class=\"aligncenter size-full is-resized\"><a href=\"https:\/\/www.amazon.com.br\/castelo-animado-Diana-Wynne-Jones\/dp\/8501304352\/ref=sr_1_1?__mk_pt_BR=%C3%85M%C3%85%C5%BD%C3%95%C3%91&amp;keywords=castelo+animado&amp;s=books&amp;sr=1-1&amp;ufe=app_do%3Aamzn1.fos.6d798eae-cadf-45de-946a-f477d47705b9&amp;tag=otomodospais-20\" rel=\"nofollow noopener\" target=\"_blank\"><img decoding=\"async\" width=\"883\" height=\"1250\" src=\"https:\/\/eyc7xs8f99a.exactdn.com\/blog\/wp-content\/uploads\/o-castelo-animado.jpg?strip=all&lossy=1&ssl=1\" alt=\"box o castelo animado\" class=\"wp-image-3881\" style=\"aspect-ratio:0.7064;width:348px;height:auto\" srcset=\"https:\/\/eyc7xs8f99a.exactdn.com\/blog\/wp-content\/uploads\/o-castelo-animado.jpg?strip=all&amp;lossy=1&amp;ssl=1 883w, https:\/\/eyc7xs8f99a.exactdn.com\/blog\/wp-content\/uploads\/o-castelo-animado-424x600.jpg?strip=all&amp;lossy=1&amp;ssl=1 424w, https:\/\/eyc7xs8f99a.exactdn.com\/blog\/wp-content\/uploads\/o-castelo-animado-768x1087.jpg?strip=all&amp;lossy=1&amp;ssl=1 768w, https:\/\/eyc7xs8f99a.exactdn.com\/blog\/wp-content\/uploads\/o-castelo-animado.jpg?strip=all&amp;lossy=1&amp;w=176&amp;ssl=1 176w, https:\/\/eyc7xs8f99a.exactdn.com\/blog\/wp-content\/uploads\/o-castelo-animado.jpg?strip=all&amp;lossy=1&amp;w=353&amp;ssl=1 353w, https:\/\/eyc7xs8f99a.exactdn.com\/blog\/wp-content\/uploads\/o-castelo-animado.jpg?strip=all&amp;lossy=1&amp;w=529&amp;ssl=1 529w, https:\/\/eyc7xs8f99a.exactdn.com\/blog\/wp-content\/uploads\/o-castelo-animado.jpg?strip=all&amp;lossy=1&amp;w=706&amp;ssl=1 706w\" sizes=\"(max-width: 883px) 100vw, 883px\" \/><\/a><\/figure><\/div>\n\n\n<p>Outro cl\u00e1ssico da literatura: O Castelo Animado \u00e9 uma s\u00e9rie de livros antiga, que ficou mais conhecida depois de virar anime dos famosos Est\u00fadios Ghibli.&nbsp;<\/p>\n\n\n\n<p>A hist\u00f3ria fala sobre uma mo\u00e7a que \u00e9 amaldi\u00e7oada e se torna uma idosa. Enquanto ela busca pela cura, se depara com um castelo animado, que pertence a um bruxo muito famoso.<\/p>\n\n\n\n<p>S\u00e3o livros tranquilos de crian\u00e7as lerem,<strong> incentivam demais a imagina\u00e7\u00e3o<\/strong>, e passa li\u00e7\u00f5es importantes, <strong>como realmente conhecer as situa\u00e7\u00f5es antes de julgar.&nbsp;<\/strong><\/p>\n\n\n\n<p>O livro tamb\u00e9m tem bem mais detalhes que o filme e at\u00e9 algumas hist\u00f3rias in\u00e9ditas. \ud83d\udc40<\/p>\n\n\n\n<h3 class=\"wp-block-heading\"><span class=\"ez-toc-section\" id=\"box-diario-de-um-banana\"><\/span><a href=\"http:\/\/amazon.com.br\/Box-Di\u00e1rio-Banana-10-Volumes\/dp\/B06Y44T6FX?tag\" target=\"_blank\" rel=\"noreferrer noopener nofollow\">Box Di\u00e1rio de um banana<\/a><span class=\"ez-toc-section-end\"><\/span><\/h3>\n\n\n<div class=\"wp-block-image\">\n<figure class=\"aligncenter size-full is-resized\"><a href=\"https:\/\/www.amazon.com.br\/Box-Di%C3%A1rio-Banana-10-Volumes\/dp\/B06Y44T6FX\/ref=sr_1_1?keywords=di%C3%A1rio+de+um+banana&amp;s=books&amp;sr=1-1&amp;ufe=app_do%3Aamzn1.fos.6a09f7ec-d911-4889-ad70-de8dd83c8a74&amp;tag=otomodospais-20\" rel=\"nofollow noopener\" target=\"_blank\"><img decoding=\"async\" width=\"881\" height=\"1000\" src=\"https:\/\/eyc7xs8f99a.exactdn.com\/blog\/wp-content\/uploads\/box-diario-de-um-banana-1.jpg?strip=all&lossy=1&ssl=1\" alt=\"capas dos livros di\u00e1rio de um banana\" class=\"wp-image-3885\" style=\"aspect-ratio:0.881;width:421px;height:auto\" srcset=\"https:\/\/eyc7xs8f99a.exactdn.com\/blog\/wp-content\/uploads\/box-diario-de-um-banana-1.jpg?strip=all&amp;lossy=1&amp;ssl=1 881w, https:\/\/eyc7xs8f99a.exactdn.com\/blog\/wp-content\/uploads\/box-diario-de-um-banana-1-529x600.jpg?strip=all&amp;lossy=1&amp;ssl=1 529w, https:\/\/eyc7xs8f99a.exactdn.com\/blog\/wp-content\/uploads\/box-diario-de-um-banana-1-768x872.jpg?strip=all&amp;lossy=1&amp;ssl=1 768w, https:\/\/eyc7xs8f99a.exactdn.com\/blog\/wp-content\/uploads\/box-diario-de-um-banana-1.jpg?strip=all&amp;lossy=1&amp;w=176&amp;ssl=1 176w, https:\/\/eyc7xs8f99a.exactdn.com\/blog\/wp-content\/uploads\/box-diario-de-um-banana-1.jpg?strip=all&amp;lossy=1&amp;w=352&amp;ssl=1 352w, https:\/\/eyc7xs8f99a.exactdn.com\/blog\/wp-content\/uploads\/box-diario-de-um-banana-1.jpg?strip=all&amp;lossy=1&amp;w=704&amp;ssl=1 704w\" sizes=\"(max-width: 881px) 100vw, 881px\" \/><\/a><\/figure><\/div>\n\n\n<p>Cole\u00e7\u00e3o super famosa de livros para adolescentes. S\u00e3o 10 volumes que acompanham a hist\u00f3ria de um grupo de amigos desajeitados na escola.&nbsp;<\/p>\n\n\n\n<p>Os personagens principais s\u00e3o adolescentes, ent\u00e3o facilita bastante para a crian\u00e7a se identificar. Quem nunca se sentiu um banana nessa fase da vida, n\u00e9? \ud83d\ude05<\/p>\n\n\n\n<p>S\u00e3o livros f\u00e1ceis de ler, e as historinhas s\u00e3o bem engra\u00e7adas. O livro tem v\u00e1rias ilustra\u00e7\u00f5es, <strong>como se fosse uma hist\u00f3ria em quadrinhos<\/strong>. O texto e os desenhos s\u00e3o bem simples e f\u00e1ceis de entender, mas muito charmosos! <\/p>\n\n\n\n<h3 class=\"wp-block-heading\"><span class=\"ez-toc-section\" id=\"serie-percy-jackson-e-os-olimpianos\"><\/span><a href=\"https:\/\/www.amazon.com.br\/Box-Percy-Jackson-os-Olimpianos\/dp\/8580574625?tag=otomodospais-20\" target=\"_blank\" rel=\"noreferrer noopener nofollow\">S\u00e9rie Percy Jackson e os Olimpianos<\/a><span class=\"ez-toc-section-end\"><\/span><\/h3>\n\n\n<div class=\"wp-block-image\">\n<figure class=\"aligncenter size-large is-resized\"><a href=\"https:\/\/www.amazon.com.br\/Box-Percy-Jackson-os-Olimpianos\/dp\/8580574625?tag=otomodospais-20\" rel=\"nofollow noopener\" target=\"_blank\"><img decoding=\"async\" width=\"1250\" height=\"1250\" src=\"https:\/\/eyc7xs8f99a.exactdn.com\/blog\/wp-content\/uploads\/percy-jackson-1-1250x1250.jpg?strip=all&lossy=1&ssl=1\" alt=\"cole\u00e7\u00e3o de livros do percy jackson\" class=\"wp-image-3886\" style=\"aspect-ratio:1;width:565px;height:auto\" srcset=\"https:\/\/eyc7xs8f99a.exactdn.com\/blog\/wp-content\/uploads\/percy-jackson-1-1250x1250.jpg?strip=all&amp;lossy=1&amp;ssl=1 1250w, https:\/\/eyc7xs8f99a.exactdn.com\/blog\/wp-content\/uploads\/percy-jackson-1-600x600.jpg?strip=all&amp;lossy=1&amp;ssl=1 600w, https:\/\/eyc7xs8f99a.exactdn.com\/blog\/wp-content\/uploads\/percy-jackson-1-768x768.jpg?strip=all&amp;lossy=1&amp;ssl=1 768w, https:\/\/eyc7xs8f99a.exactdn.com\/blog\/wp-content\/uploads\/percy-jackson-1.jpg?strip=all&amp;lossy=1&amp;ssl=1 1500w, https:\/\/eyc7xs8f99a.exactdn.com\/blog\/wp-content\/uploads\/percy-jackson-1.jpg?strip=all&amp;lossy=1&amp;w=300&amp;ssl=1 300w, https:\/\/eyc7xs8f99a.exactdn.com\/blog\/wp-content\/uploads\/percy-jackson-1.jpg?strip=all&amp;lossy=1&amp;w=900&amp;ssl=1 900w, https:\/\/eyc7xs8f99a.exactdn.com\/blog\/wp-content\/uploads\/percy-jackson-1.jpg?strip=all&amp;lossy=1&amp;w=1200&amp;ssl=1 1200w\" sizes=\"(max-width: 1250px) 100vw, 1250px\" \/><\/a><\/figure><\/div>\n\n\n<p>\u00c9 uma saga com uma pegada parecida com Harry Potter. Mas, ao inv\u00e9s de magia, os livros falam sobre mitologia grega.<\/p>\n\n\n\n<p>Percy, um adolescente de 12 anos,<strong> descobre que \u00e9 filho de Poseidon, o Deus dos Mares. <\/strong>A partir da\u00ed ele embarca em uma aventura com filhos de deuses gregos, como Hades e Hermes.&nbsp;<\/p>\n\n\n\n<p>A hist\u00f3ria \u00e9 bem envolvente: <strong>tem momentos de aventura, mist\u00e9rio, a\u00e7\u00e3o e humor<\/strong>. A leitura tamb\u00e9m \u00e9 bem fluida e tranquila para crian\u00e7as de 10 anos de idade ou mais.&nbsp;<\/p>\n\n\n\n<h3 class=\"wp-block-heading\"><span class=\"ez-toc-section\" id=\"a-terra-magica-de-oz\"><\/span><a href=\"https:\/\/www.amazon.com.br\/s?k=a+terra+m%C3%A1gica+de+oz&amp;i=stripbooks&amp;__mk_pt_BR=%C3%85M%C3%85%C5%BD%C3%95%C3%91&amp;ref=nb_sb_noss_1&amp;tag=otomodospais-20\" target=\"_blank\" rel=\"noreferrer noopener nofollow\">A Terra M\u00e1gica de Oz&nbsp;<\/a><span class=\"ez-toc-section-end\"><\/span><\/h3>\n\n\n<div class=\"wp-block-image\">\n<figure class=\"aligncenter size-full is-resized\"><a href=\"https:\/\/www.amazon.com.br\/s?k=a+terra+m%C3%A1gica+de+oz&amp;i=stripbooks&amp;__mk_pt_BR=%C3%85M%C3%85%C5%BD%C3%95%C3%91&amp;ref=nb_sb_noss_1&amp;tag=otomodospais-20\" rel=\"nofollow noopener\" target=\"_blank\"><img decoding=\"async\" width=\"1083\" height=\"1250\" src=\"https:\/\/eyc7xs8f99a.exactdn.com\/blog\/wp-content\/uploads\/box-a-terra-magica-de-oz.jpg?strip=all&lossy=1&ssl=1\" alt=\"cole\u00e7\u00e3o de livros do magico de oz\" class=\"wp-image-3877\" style=\"aspect-ratio:0.8664;width:468px;height:auto\" srcset=\"https:\/\/eyc7xs8f99a.exactdn.com\/blog\/wp-content\/uploads\/box-a-terra-magica-de-oz.jpg?strip=all&amp;lossy=1&amp;ssl=1 1083w, https:\/\/eyc7xs8f99a.exactdn.com\/blog\/wp-content\/uploads\/box-a-terra-magica-de-oz-520x600.jpg?strip=all&amp;lossy=1&amp;ssl=1 520w, https:\/\/eyc7xs8f99a.exactdn.com\/blog\/wp-content\/uploads\/box-a-terra-magica-de-oz-768x886.jpg?strip=all&amp;lossy=1&amp;ssl=1 768w, https:\/\/eyc7xs8f99a.exactdn.com\/blog\/wp-content\/uploads\/box-a-terra-magica-de-oz.jpg?strip=all&amp;lossy=1&amp;w=216&amp;ssl=1 216w, https:\/\/eyc7xs8f99a.exactdn.com\/blog\/wp-content\/uploads\/box-a-terra-magica-de-oz.jpg?strip=all&amp;lossy=1&amp;w=433&amp;ssl=1 433w, https:\/\/eyc7xs8f99a.exactdn.com\/blog\/wp-content\/uploads\/box-a-terra-magica-de-oz.jpg?strip=all&amp;lossy=1&amp;w=649&amp;ssl=1 649w, https:\/\/eyc7xs8f99a.exactdn.com\/blog\/wp-content\/uploads\/box-a-terra-magica-de-oz.jpg?strip=all&amp;lossy=1&amp;w=866&amp;ssl=1 866w\" sizes=\"(max-width: 1083px) 100vw, 1083px\" \/><\/a><\/figure><\/div>\n\n\n<p>Voc\u00ea provavelmente j\u00e1 ouviu falar no M\u00e1gico de Oz, n\u00e9? \u00c9 a hist\u00f3ria da garotinha Dorothy que \u00e9 levada at\u00e9 uma terra m\u00e1gica, onde encontra um Espantalho, um Homem de Lata e um Le\u00e3o.&nbsp;<\/p>\n\n\n\n<p>Mas, sabia que <strong>existem 14 livros sobre essa terra m\u00e1gica<\/strong>? \ud83d\ude2f No Brasil, a cole\u00e7\u00e3o saiu em dois volumes.<\/p>\n\n\n\n<p>S\u00e3o hist\u00f3rias realmente m\u00e1gicas, que <strong>ensinam sobre o poder da amizade<\/strong>, e sobre habilidades que todos n\u00f3s podemos desenvolver, mesmo que n\u00e3o pare\u00e7a: <strong>coragem, empatia e criatividade<\/strong>.<\/p>\n\n\n\n<p>\ud83d\udc49 <a href=\"https:\/\/www.amazon.com.br\/Box-m%C3%A1gica-marcadores-p%C3%A1ginas-imantados\/dp\/B09PW8LBZC\/ref=sr_1_1?__mk_pt_BR=%C3%85M%C3%85%C5%BD%C3%95%C3%91&amp;crid=PPXF10BK4M0G&amp;keywords=a+terra+m%C3%A1gica+de+oz&amp;qid=1699662356&amp;s=books&amp;sprefix=a+terra+m%C3%A1gica+de+oz%2Cstripbooks%2C185&amp;sr=1-1&amp;tag=otomodospais-20\" target=\"_blank\" rel=\"noreferrer noopener nofollow\">Clique para ver o volume 1<\/a><\/p>\n\n\n\n<p>\ud83d\udc49 <a href=\"https:\/\/www.amazon.com.br\/Box-m%C3%A1gica-Terra-vol-livros\/dp\/B0C7SKH5S4\/ref=pd_sim_sccl_3_1\/131-8481355-3782751?pd_rd_w=ACOp6&amp;content-id=amzn1.sym.08510afe-a900-4aad-8c23-f78e5ba6d60a&amp;pf_rd_p=08510afe-a900-4aad-8c23-f78e5ba6d60a&amp;pf_rd_r=K5BZDXMG9557N6J8PDZM&amp;pd_rd_wg=qO6x6&amp;pd_rd_r=bfc97fe2-559e-4fb0-8df7-d701ce0fcaeb&amp;pd_rd_i=B0C7SKH5S4&amp;psc=1&amp;tag=otomodospais-20\" target=\"_blank\" rel=\"noreferrer noopener nofollow\">Clique para ver o volume 2<\/a>&nbsp;<\/p>\n\n\n\n<p>E a\u00ed, curtiu essa lista de livros para crian\u00e7as de 10 anos?<\/p>\n\n\n\n<p>Comente aqui embaixo se j\u00e1 leu algum deles, ou se tem mais alguma sugest\u00e3o!<\/p>\n\n\n\n<p>E, caso queira mais indica\u00e7\u00f5es como esta, n\u00e3o esque\u00e7a de assinar <a href=\"https:\/\/otomodospais.com.br\/blog\/o-que-e-o-tomo-dos-pais\/\" data-type=\"page\" data-id=\"414\">O Tomo dos Pais<\/a> para receber semanalmente sugest\u00f5es para <strong>tornar a vida dos seus filhos \u00e9pica<\/strong>, n\u00e3o s\u00f3 com indica\u00e7\u00f5es de livros, mas de muitas outras atividades. \u2728\ud83d\ude80<\/p>\n\n\n\n<p>Voc\u00ea pode <strong>come\u00e7ar de gra\u00e7a <\/strong>e usar o plano gratuito por quanto tempo quiser!<\/p>\n","protected":false},"excerpt":{"rendered":"<p>Ler aumenta o foco, estimula o senso cr\u00edtico e permite viajar para mundos distantes e m\u00e1gicos, apenas com o virar de algumas p\u00e1ginas. \ud83e\uddd9\u200d\u2640\ufe0f O Tomo dos Pais preparou uma&#8230;<\/p>\n","protected":false},"author":1,"featured_media":876,"comment_status":"open","ping_status":"closed","sticky":false,"template":"","format":"standard","meta":{"footnotes":""},"categories":[125],"tags":[39,36,56,57,58],"class_list":["post-852","post","type-post","status-publish","format-standard","has-post-thumbnail","hentry","category-recomendacoes","tag-adolescentes","tag-criancas-de-5-a-10-anos","tag-livros","tag-presentes","tag-quadrinhos"],"featured_image_src":"https:\/\/eyc7xs8f99a.exactdn.com\/blog\/wp-content\/uploads\/crianca-lendo-livro-colorido.jpg?strip=all&lossy=1&ssl=1","author_info":{"display_name":"Cayo Medeiros","author_link":"https:\/\/otomodospais.com.br\/blog\/autor\/yogodoshi\/"},"_links":{"self":[{"href":"https:\/\/otomodospais.com.br\/blog\/wp-json\/wp\/v2\/posts\/852","targetHints":{"allow":["GET"]}}],"collection":[{"href":"https:\/\/otomodospais.com.br\/blog\/wp-json\/wp\/v2\/posts"}],"about":[{"href":"https:\/\/otomodospais.com.br\/blog\/wp-json\/wp\/v2\/types\/post"}],"author":[{"embeddable":true,"href":"https:\/\/otomodospais.com.br\/blog\/wp-json\/wp\/v2\/users\/1"}],"replies":[{"embeddable":true,"href":"https:\/\/otomodospais.com.br\/blog\/wp-json\/wp\/v2\/comments?post=852"}],"version-history":[{"count":26,"href":"https:\/\/otomodospais.com.br\/blog\/wp-json\/wp\/v2\/posts\/852\/revisions"}],"predecessor-version":[{"id":4669,"href":"https:\/\/otomodospais.com.br\/blog\/wp-json\/wp\/v2\/posts\/852\/revisions\/4669"}],"wp:featuredmedia":[{"embeddable":true,"href":"https:\/\/otomodospais.com.br\/blog\/wp-json\/wp\/v2\/media\/876"}],"wp:attachment":[{"href":"https:\/\/otomodospais.com.br\/blog\/wp-json\/wp\/v2\/media?parent=852"}],"wp:term":[{"taxonomy":"category","embeddable":true,"href":"https:\/\/otomodospais.com.br\/blog\/wp-json\/wp\/v2\/categories?post=852"},{"taxonomy":"post_tag","embeddable":true,"href":"https:\/\/otomodospais.com.br\/blog\/wp-json\/wp\/v2\/tags?post=852"}],"curies":[{"name":"wp","href":"https:\/\/api.w.org\/{rel}","templated":true}]}}